{"id":8007,"date":"2014-06-25T10:59:54","date_gmt":"2014-06-25T15:59:54","guid":{"rendered":"https:\/\/radiowebmx.com\/nota\/?p=8007"},"modified":"2014-06-25T10:59:54","modified_gmt":"2014-06-25T15:59:54","slug":"se-equipan-150-aulas-de-medios-a-traves-del-programa-red-escolar","status":"publish","type":"post","link":"https:\/\/radiowebmx.com\/nota\/se-equipan-150-aulas-de-medios-a-traves-del-programa-red-escolar\/","title":{"rendered":"SE EQUIPAN 150 AULAS DE MEDIOS A TRAV\u00c9S DEL  PROGRAMA RED ESCOLAR"},"content":{"rendered":"<p><a href=\"https:\/\/radiowebmx.com\/nota\/wp-content\/uploads\/2014\/06\/4Q4A2196.jpg\"><img loading=\"lazy\" decoding=\"async\" class=\"alignleft size-full wp-image-8008\" alt=\"4Q4A2196\" src=\"https:\/\/radiowebmx.com\/nota\/wp-content\/uploads\/2014\/06\/4Q4A2196.jpg\" width=\"591\" height=\"314\" srcset=\"https:\/\/radiowebmx.com\/nota\/wp-content\/uploads\/2014\/06\/4Q4A2196.jpg 591w, https:\/\/radiowebmx.com\/nota\/wp-content\/uploads\/2014\/06\/4Q4A2196-300x159.jpg 300w\" sizes=\"auto, (max-width: 591px) 100vw, 591px\" \/><\/a>\u201cEn la actualidad, los ni\u00f1os tienen acceso a herramientas tecnol\u00f3gicas que muchos ni siquiera imaginamos, pero son elementos que ayudan al proceso de ense\u00f1anza-aprendizaje; los gobiernos del Estado y de la Rep\u00fablica debemos seguir siendo garantes del patrimonio m\u00e1s importante de la sociedad que es la educaci\u00f3n\u201d, afirm\u00f3 el secretario de Educaci\u00f3n, Jes\u00fas Sierra Arias, durante la Entrega de Equipamiento del Programa Red Escolar de Educaci\u00f3n B\u00e1sica.<\/p>\n<p>&nbsp;<\/p>\n<p>Dotar de recursos tecnol\u00f3gicos y materiales relevantes sustentados en el plan y programas de estudio vigentes de educaci\u00f3n b\u00e1sica, que contribuyan a mejorar el proceso de ense\u00f1anza-aprendizaje con apoyo de la tecnolog\u00eda de la informaci\u00f3n y comunicaci\u00f3n, es uno de los objetivos del Programa Red\u00a0 Escolar, por medio del cual esta ma\u00f1ana se entreg\u00f3 equipo a 150 aulas de medios.<\/p>\n<p>&nbsp;<\/p>\n<p>El trabajo coordinado de autoridades educativas federales y estatales permite dotar de material a los planteles a fin de que los ni\u00f1os y ni\u00f1as puedan estar mejor preparados. En este ciclo\u00a0 escolar son 1,435 aulas beneficiadas en los 113 municipios.<\/p>\n<p>&nbsp;<\/p>\n<p>En el evento, celebrado en Casa de Gobierno, tambi\u00e9n se cont\u00f3 con la presencia de Jaime Baltazar Mora, presidente municipal de Quiroga; de la diputada local, Daniela de los Santos Torres, y de Jes\u00fas Ayala Mora, director Jur\u00eddico del Ayuntamiento, adem\u00e1s de jefes de sector, supervisores, directores, responsables de Aulas de Medios (RAM) y padres de familia.<\/p>\n<p>&nbsp;<\/p>\n<p>El secretario de Educaci\u00f3n asegur\u00f3 que la dependencia estatal y la Secretar\u00eda de Educaci\u00f3n P\u00fablica hacen un esfuerzo para dotar de material a los planteles y dijo que aunque la tarea es tit\u00e1nica, lo importante es que hay un compromiso institucional que no cambiar\u00e1 y eso generar\u00e1 que haya ni\u00f1os mejor preparados.<\/p>\n<p>&nbsp;<\/p>\n<p>Ante la presencia de jefes de sector, supervisores, directores, Responsables de Aulas de Medios (RAM) y padres de familia, Sierra Arias inform\u00f3 que, a unos d\u00edas de concluir el ciclo escolar 2013-2014, a diferencia de otros a\u00f1os, se ha logrado pr\u00e1cticamente cumplirlo en su totalidad: \u201cpese a que haya toma, no tendr\u00e1 consecuencia en el ciclo escolar, se entregar\u00e1n los certificados y los maestros tienen la posibilidad de vivir un panorama distinto\u201d. Asimismo asegur\u00f3 que la dependencia a su cargo se ha empe\u00f1ado en generar una condici\u00f3n de cordialidad con el magisterio.<\/p>\n<p>&nbsp;<\/p>\n<p>\u201cPodemos construir muchas aulas y entregar computadoras, pero con la \u00fanica cosa que se mide la eficacia y la eficiencia en el sector es con el n\u00famero de d\u00edas de clases cumplidos con efectividad y creemos que la Secretar\u00eda lo ha hecho totalmente de manera responsable\u201d, enfatiz\u00f3.<\/p>\n<p>&nbsp;<\/p>\n<p>Adem\u00e1s record\u00f3 que el trabajo diario representa un ejercicio democr\u00e1tico al que hay que darle valor; pero el valor m\u00e1s importante es el que se cumpla el derecho a la educaci\u00f3n.<\/p>\n<p>&nbsp;<\/p>\n<p>Por su parte, Manuel Salvador Saavedra Regalado, director general de Desarrollo e Investigaci\u00f3n Educativa, record\u00f3 que ahora la ni\u00f1ez no puede vivir sin el uso de la tecnolog\u00eda debido a la evoluci\u00f3n constante de la sociedad, por ello, la dependencia coadyuva con la entrega de equipamiento a las aulas de medios para mejorar las condiciones del servicio educativo.<\/p>\n<p>&nbsp;<\/p>\n<p>Durante su intervenci\u00f3n, Manuel Salvador Saavedra Regalado, director general de Desarrollo e Investigaci\u00f3n Educativa, record\u00f3 que ahora la ni\u00f1ez no puede vivir sin el uso de la tecnolog\u00eda debido a la evoluci\u00f3n constante de la sociedad, por ello, la dependencia coadyuva con la entrega de equipamiento a las aulas de medios para mejorar las condiciones del servicio educativo.<\/p>\n<p>&nbsp;<\/p>\n<p>El equipamiento que este d\u00eda se entreg\u00f3 incluye: 5 tabletas Android de 9.7\u201d con contenido educativo (lecciones administrables para cada grado escolar de educaci\u00f3n b\u00e1sica); un pizarr\u00f3n interactivo port\u00e1til; un proyector con soporte al techo del aula y una computadora de escritorio con caracter\u00edsticas de servidor.<\/p>\n<p>&nbsp;<\/p>\n<p>Cabe mencionar que este apoyo permitir\u00e1 que los docentes en la entidad utilicen herramientas digitales como eje transversal de los planes y programas de estudio, como apoyo did\u00e1ctico en las diferentes asignaturas para la adquisici\u00f3n y desarrollo de competencias.<\/p>\n<p>&nbsp;<\/p>\n","protected":false},"excerpt":{"rendered":"<p>\u201cEn la actualidad, los ni\u00f1os tienen acceso a herramientas tecnol\u00f3gicas que muchos ni siquiera imaginamos, pero son elementos que ayudan al proceso de ense\u00f1anza-aprendizaje; los gobiernos del Estado y de la Rep\u00fablica debemos seguir siendo garantes del patrimonio m\u00e1s importante de la sociedad que es la educaci\u00f3n\u201d<\/p>\n","protected":false},"author":1,"featured_media":8008,"comment_status":"open","ping_status":"open","sticky":false,"template":"","format":"standard","meta":{"footnotes":""},"categories":[14,3],"tags":[],"class_list":["post-8007","post","type-post","status-publish","format-standard","has-post-thumbnail","hentry","category-destacadas","category-gobierno-del-estado-de-michoacan"],"_links":{"self":[{"href":"https:\/\/radiowebmx.com\/nota\/wp-json\/wp\/v2\/posts\/8007","targetHints":{"allow":["GET"]}}],"collection":[{"href":"https:\/\/radiowebmx.com\/nota\/wp-json\/wp\/v2\/posts"}],"about":[{"href":"https:\/\/radiowebmx.com\/nota\/wp-json\/wp\/v2\/types\/post"}],"author":[{"embeddable":true,"href":"https:\/\/radiowebmx.com\/nota\/wp-json\/wp\/v2\/users\/1"}],"replies":[{"embeddable":true,"href":"https:\/\/radiowebmx.com\/nota\/wp-json\/wp\/v2\/comments?post=8007"}],"version-history":[{"count":2,"href":"https:\/\/radiowebmx.com\/nota\/wp-json\/wp\/v2\/posts\/8007\/revisions"}],"predecessor-version":[{"id":8010,"href":"https:\/\/radiowebmx.com\/nota\/wp-json\/wp\/v2\/posts\/8007\/revisions\/8010"}],"wp:featuredmedia":[{"embeddable":true,"href":"https:\/\/radiowebmx.com\/nota\/wp-json\/wp\/v2\/media\/8008"}],"wp:attachment":[{"href":"https:\/\/radiowebmx.com\/nota\/wp-json\/wp\/v2\/media?parent=8007"}],"wp:term":[{"taxonomy":"category","embeddable":true,"href":"https:\/\/radiowebmx.com\/nota\/wp-json\/wp\/v2\/categories?post=8007"},{"taxonomy":"post_tag","embeddable":true,"href":"https:\/\/radiowebmx.com\/nota\/wp-json\/wp\/v2\/tags?post=8007"}],"curies":[{"name":"wp","href":"https:\/\/api.w.org\/{rel}","templated":true}]}}