{"id":8001,"date":"2014-06-25T10:37:08","date_gmt":"2014-06-25T15:37:08","guid":{"rendered":"https:\/\/radiowebmx.com\/nota\/?p=8001"},"modified":"2014-06-25T10:37:08","modified_gmt":"2014-06-25T15:37:08","slug":"anuncia-ssm-y-fundacion-cinepolis-octava-jornada-de-cirugias-de-cataratas-en-michoacan","status":"publish","type":"post","link":"https:\/\/radiowebmx.com\/nota\/anuncia-ssm-y-fundacion-cinepolis-octava-jornada-de-cirugias-de-cataratas-en-michoacan\/","title":{"rendered":"ANUNCIA SSM Y FUNDACI\u00d3N CIN\u00c9POLIS OCTAVA JORNADA DE CIRUG\u00cdAS DE CATARATAS EN MICHOAC\u00c1N"},"content":{"rendered":"<p><a href=\"https:\/\/radiowebmx.com\/nota\/wp-content\/uploads\/2014\/06\/IMG_9430.jpg\"><img loading=\"lazy\" decoding=\"async\" class=\"alignleft size-full wp-image-8002\" alt=\"IMG_9430\" src=\"https:\/\/radiowebmx.com\/nota\/wp-content\/uploads\/2014\/06\/IMG_9430.jpg\" width=\"591\" height=\"283\" srcset=\"https:\/\/radiowebmx.com\/nota\/wp-content\/uploads\/2014\/06\/IMG_9430.jpg 591w, https:\/\/radiowebmx.com\/nota\/wp-content\/uploads\/2014\/06\/IMG_9430-300x143.jpg 300w\" sizes=\"auto, (max-width: 591px) 100vw, 591px\" \/><\/a>Con la intenci\u00f3n de devolverles la vista no s\u00f3lo a las personas de la tercera edad sino tambi\u00e9n a ni\u00f1os de escasos recursos, la Secretar\u00eda de Salud en Michoac\u00e1n (SSM) y la Fundaci\u00f3n Cin\u00e9polis llevar\u00e1n a cabo del 25 al 28 de junio en el Hospital General \u201cDr. Miguel Silva\u201d de Morelia, la Octava Jornada de Cirug\u00edas de Cataratas en el Estado \u201cDel Amor Nace la Vista\u201d, con la que se beneficiar\u00e1 a 300 personas.<\/p>\n<p>&nbsp;<\/p>\n<p>En conferencia de prensa, el director del nosocomio, Jes\u00fas \u00c1ngel Villagr\u00e1n Uribe, se\u00f1al\u00f3 que en su mayor\u00eda los pacientes que se someter\u00e1n a la cirug\u00eda son personas de la tercera edad, quienes por causa de la diabetes mellitus, cong\u00e9nita o por senilidad han perdido la vista.<\/p>\n<p>&nbsp;<\/p>\n<p>\u201cEsta cirug\u00eda les viene a devolver la esperanza y dar \u00e1nimos de salir adelante porque recuperan su vista; la ayuda de Fundaci\u00f3n Cin\u00e9polis ha sido muy importante para hacer esto posible\u201d, dijo.<\/p>\n<p>&nbsp;<\/p>\n<p>Villagr\u00e1n Uribe record\u00f3 que ser\u00e1n 300 las personas beneficiadas, de las cuales seis son ni\u00f1os \u2013el mayor de 7 a\u00f1os y el m\u00e1s peque\u00f1o menor a un a\u00f1o de edad-, de tal manera que se han favorecido a 2 mil 246 michoacanos desde el inicio de dichas Jornadas.<\/p>\n<p>&nbsp;<\/p>\n<p>Explic\u00f3 que la cirug\u00eda consiste en un procedimiento muy sencillo que no pone en riesgo la vida de los pacientes, puesto que en poco tiempo recuperan la vista completamente.<\/p>\n<p>&nbsp;<\/p>\n<p>El director del Hospital Civil de Morelia, destac\u00f3 que los municipios favorecidos con esta Jornada son: Morelia, Yur\u00e9cuaro, Car\u00e1cuaro, Huetamo, Puru\u00e1ndiro, San Lucas, Tac\u00e1mbaro, Tanganc\u00edcuaro, Tingambato, s\u00f3lo por mencionar algunos.<\/p>\n<p>&nbsp;<\/p>\n<p>\u201cLos Sistemas para el Desarrollo Integral de la Familia (DIF) de los municipios, tienen una participaci\u00f3n importante, ya que son \u00e9stos quienes ayudan con el traslado de los pacientes a la ciudad de Morelia\u201d, destac\u00f3.<\/p>\n<p>&nbsp;<\/p>\n<p>En su oportunidad, Mar\u00eda Fernanda Yong Salgado, coordinadora del programa \u201cDel Amor Nace la Vista\u201d de Fundaci\u00f3n Cin\u00e9polis, puntualiz\u00f3 que desde el a\u00f1o 2005 y gracias a la participaci\u00f3n de miles de clientes, Cin\u00e9polis ha emprendido este proyecto que est\u00e1 enfocado a la recuperaci\u00f3n de la salud visual de los sectores m\u00e1s vulnerables de la sociedad.<\/p>\n<p>&nbsp;<\/p>\n<p>\u201cEl programa \u2018Del Amor Nace la Vista\u2019 refleja el compromiso de la empresa para construir un mejor M\u00e9xico, apoyando la salud visual y buscando tocar el alma de todos los mexicanos para regalar una sonrisa en la mirada de los que m\u00e1s lo necesitan\u201d, expres\u00f3.<\/p>\n<p>&nbsp;<\/p>\n<p>Detall\u00f3 que esta Jornada es la n\u00famero 158 desde el inicio del proyecto y en total se han beneficiado 20 mil 540 personas en 18 estados de la Rep\u00fablica, contando estos \u00faltimos 300 de Michoac\u00e1n. Ser\u00e1n 4 mil las personas favorecidas en este 2014, quienes son de escasos recursos y que padecen ceguera por catarata.<\/p>\n<p>&nbsp;<\/p>\n<p>Cabe hacer menci\u00f3n que para el mes de agosto se prev\u00e9 realizar una Jornada de Cirug\u00edas de Cataratas en el municipio de Uruapan.<\/p>\n<p>&nbsp;<\/p>\n<p>A la conferencia de prensa tambi\u00e9n asistieron Verenice Valencia Garc\u00eda, coordinadora del programa Salud Visual de la SSM y Abraham \u00c1lvarez Manilla L\u00f3pez, jefe de Comunicaci\u00f3n y Vinculaci\u00f3n Institucional de Fundaci\u00f3n Cin\u00e9polis.<\/p>\n<p>&nbsp;<\/p>\n<p>&nbsp;<\/p>\n<p>&nbsp;<\/p>\n","protected":false},"excerpt":{"rendered":"<p>Con la intenci\u00f3n de devolverles la vista no s\u00f3lo a las personas de la tercera edad sino tambi\u00e9n a ni\u00f1os de escasos recursos, la Secretar\u00eda de Salud en Michoac\u00e1n (SSM) y la Fundaci\u00f3n Cin\u00e9polis llevar\u00e1n a cabo del 25 al 28 de junio en el Hospital General \u201cDr. Miguel Silva\u201d de Morelia,<\/p>\n","protected":false},"author":1,"featured_media":8002,"comment_status":"open","ping_status":"open","sticky":false,"template":"","format":"standard","meta":{"footnotes":""},"categories":[14,3],"tags":[],"class_list":["post-8001","post","type-post","status-publish","format-standard","has-post-thumbnail","hentry","category-destacadas","category-gobierno-del-estado-de-michoacan"],"_links":{"self":[{"href":"https:\/\/radiowebmx.com\/nota\/wp-json\/wp\/v2\/posts\/8001","targetHints":{"allow":["GET"]}}],"collection":[{"href":"https:\/\/radiowebmx.com\/nota\/wp-json\/wp\/v2\/posts"}],"about":[{"href":"https:\/\/radiowebmx.com\/nota\/wp-json\/wp\/v2\/types\/post"}],"author":[{"embeddable":true,"href":"https:\/\/radiowebmx.com\/nota\/wp-json\/wp\/v2\/users\/1"}],"replies":[{"embeddable":true,"href":"https:\/\/radiowebmx.com\/nota\/wp-json\/wp\/v2\/comments?post=8001"}],"version-history":[{"count":2,"href":"https:\/\/radiowebmx.com\/nota\/wp-json\/wp\/v2\/posts\/8001\/revisions"}],"predecessor-version":[{"id":8004,"href":"https:\/\/radiowebmx.com\/nota\/wp-json\/wp\/v2\/posts\/8001\/revisions\/8004"}],"wp:featuredmedia":[{"embeddable":true,"href":"https:\/\/radiowebmx.com\/nota\/wp-json\/wp\/v2\/media\/8002"}],"wp:attachment":[{"href":"https:\/\/radiowebmx.com\/nota\/wp-json\/wp\/v2\/media?parent=8001"}],"wp:term":[{"taxonomy":"category","embeddable":true,"href":"https:\/\/radiowebmx.com\/nota\/wp-json\/wp\/v2\/categories?post=8001"},{"taxonomy":"post_tag","embeddable":true,"href":"https:\/\/radiowebmx.com\/nota\/wp-json\/wp\/v2\/tags?post=8001"}],"curies":[{"name":"wp","href":"https:\/\/api.w.org\/{rel}","templated":true}]}}