{"id":7997,"date":"2014-06-25T09:49:22","date_gmt":"2014-06-25T14:49:22","guid":{"rendered":"https:\/\/radiowebmx.com\/nota\/?p=7997"},"modified":"2014-06-25T09:49:22","modified_gmt":"2014-06-25T14:49:22","slug":"smrtv-signa-convenio-con-el-instituto-tecnologico-superior-de-ciudad-hidalgo","status":"publish","type":"post","link":"https:\/\/radiowebmx.com\/nota\/smrtv-signa-convenio-con-el-instituto-tecnologico-superior-de-ciudad-hidalgo\/","title":{"rendered":"SMRTV SIGNA CONVENIO CON EL INSTITUTO TECNOL\u00d3GICO SUPERIOR DE CIUDAD HIDALGO"},"content":{"rendered":"<p><a href=\"https:\/\/radiowebmx.com\/nota\/wp-content\/uploads\/2014\/06\/photo-1.jpg\"><img loading=\"lazy\" decoding=\"async\" class=\"alignleft size-full wp-image-7998\" alt=\"photo 1\" src=\"https:\/\/radiowebmx.com\/nota\/wp-content\/uploads\/2014\/06\/photo-1.jpg\" width=\"591\" height=\"351\" srcset=\"https:\/\/radiowebmx.com\/nota\/wp-content\/uploads\/2014\/06\/photo-1.jpg 591w, https:\/\/radiowebmx.com\/nota\/wp-content\/uploads\/2014\/06\/photo-1-300x178.jpg 300w\" sizes=\"auto, (max-width: 591px) 100vw, 591px\" \/><\/a>El Sistema Michoacano de Radio y Televisi\u00f3n (SMRTV), firm\u00f3 un convenio de Colaboraci\u00f3n con el Instituto Tecnol\u00f3gico Superior de Ciudad Hidalgo, con la finalidad de vincular la academia con la profesionalizaci\u00f3n que ofrece el medio de comunicaci\u00f3n.<\/p>\n<p>&nbsp;<\/p>\n<p>Christi\u00e1n Guti\u00e9rrez Alonso, director general del SMRTV destac\u00f3 que con dicho acuerdo se establecer\u00e1n las bases conforme a las cuales los alumnos de dicha instituci\u00f3n educativa podr\u00e1n realizar residencias profesionales en el Sistema, y \u00e9ste a su vez, dar\u00e1 apertura para incorporarse laboralmente a los alumnos que hayan cubierto el total de la tira de materias que integra el plan de estudios de la carrera.<\/p>\n<p>&nbsp;<\/p>\n<p>El director general del Instituto Tecnol\u00f3gico Superior de Ciudad Hidalgo, Juan Jos\u00e9 Maldonado Garc\u00eda, agradeci\u00f3 la apertura del medio para integrar a los alumnos a la pr\u00e1ctica y de esta manera puedan utilizar los conocimientos adquiridos en las aulas.<\/p>\n<p>&nbsp;<\/p>\n<p>Cabe se\u00f1alar que los estudiantes que sean asignados cubrir\u00e1n un total de 4 a 6 meses con actividades propias a las carreras que se imparten en la instituci\u00f3n educativa. Se elaborar\u00e1 un calendario para la realizaci\u00f3n de los programas de prestaci\u00f3n de\u00a0 residencias profesionales y se garantizar\u00e1 su total ejecuci\u00f3n.<\/p>\n<p>&nbsp;<\/p>\n<p>El Tecnol\u00f3gico promover\u00e1 entre la comunidad estudiantil la oportunidad y beneficios de cumplir con el esquema de pr\u00e1cticas profesionales en el Sistema Michoacano,\u00a0 adem\u00e1s de que pondr\u00e1 a su disposici\u00f3n a maestros, catedr\u00e1ticos especializados en temas espec\u00edficos y analistas con el fin de apoyar en la creaci\u00f3n de programas de radio y televisi\u00f3n.<\/p>\n<p>&nbsp;<\/p>\n<p>El SMRTV recibir\u00e1 propuestas de proyectos e investigaciones a realizar por los prestadores de residencias profesionales, por lo que comunicar\u00e1 por escrito a las \u00e1reas de oportunidad y desarrollo de proyectos, de residencias que se requieran para su elaboraci\u00f3n.<\/p>\n<p>&nbsp;<\/p>\n<p>De esta manera se garantizar\u00e1 la producci\u00f3n de programas, proyectos o acuerdos de trabajo para colaborar en tareas de mutuo inter\u00e9s, adem\u00e1s de la promoci\u00f3n, organizaci\u00f3n y realizaci\u00f3n de actividades acad\u00e9micas, tecnol\u00f3gicas y culturales de beneficio para ambas instituciones.<\/p>\n","protected":false},"excerpt":{"rendered":"<p>El Sistema Michoacano de Radio y Televisi\u00f3n (SMRTV), firm\u00f3 un convenio de Colaboraci\u00f3n con el Instituto Tecnol\u00f3gico Superior de Ciudad Hidalgo, con la finalidad de vincular la academia con la profesionalizaci\u00f3n que ofrece el medio de comunicaci\u00f3n.<\/p>\n","protected":false},"author":1,"featured_media":7998,"comment_status":"open","ping_status":"open","sticky":false,"template":"","format":"standard","meta":{"footnotes":""},"categories":[14,3],"tags":[],"class_list":["post-7997","post","type-post","status-publish","format-standard","has-post-thumbnail","hentry","category-destacadas","category-gobierno-del-estado-de-michoacan"],"_links":{"self":[{"href":"https:\/\/radiowebmx.com\/nota\/wp-json\/wp\/v2\/posts\/7997","targetHints":{"allow":["GET"]}}],"collection":[{"href":"https:\/\/radiowebmx.com\/nota\/wp-json\/wp\/v2\/posts"}],"about":[{"href":"https:\/\/radiowebmx.com\/nota\/wp-json\/wp\/v2\/types\/post"}],"author":[{"embeddable":true,"href":"https:\/\/radiowebmx.com\/nota\/wp-json\/wp\/v2\/users\/1"}],"replies":[{"embeddable":true,"href":"https:\/\/radiowebmx.com\/nota\/wp-json\/wp\/v2\/comments?post=7997"}],"version-history":[{"count":2,"href":"https:\/\/radiowebmx.com\/nota\/wp-json\/wp\/v2\/posts\/7997\/revisions"}],"predecessor-version":[{"id":8000,"href":"https:\/\/radiowebmx.com\/nota\/wp-json\/wp\/v2\/posts\/7997\/revisions\/8000"}],"wp:featuredmedia":[{"embeddable":true,"href":"https:\/\/radiowebmx.com\/nota\/wp-json\/wp\/v2\/media\/7998"}],"wp:attachment":[{"href":"https:\/\/radiowebmx.com\/nota\/wp-json\/wp\/v2\/media?parent=7997"}],"wp:term":[{"taxonomy":"category","embeddable":true,"href":"https:\/\/radiowebmx.com\/nota\/wp-json\/wp\/v2\/categories?post=7997"},{"taxonomy":"post_tag","embeddable":true,"href":"https:\/\/radiowebmx.com\/nota\/wp-json\/wp\/v2\/tags?post=7997"}],"curies":[{"name":"wp","href":"https:\/\/api.w.org\/{rel}","templated":true}]}}