{"id":7928,"date":"2014-06-22T23:26:25","date_gmt":"2014-06-23T04:26:25","guid":{"rendered":"https:\/\/radiowebmx.com\/nota\/?p=7928"},"modified":"2014-06-22T23:26:25","modified_gmt":"2014-06-23T04:26:25","slug":"congreso-del-estado-actuo-con-responsabilidad-en-designacion-de-jara-guerrero-como-gobernador-sustituto-alfonso-martinez","status":"publish","type":"post","link":"https:\/\/radiowebmx.com\/nota\/congreso-del-estado-actuo-con-responsabilidad-en-designacion-de-jara-guerrero-como-gobernador-sustituto-alfonso-martinez\/","title":{"rendered":"Congreso del Estado actu\u00f3 con responsabilidad en designaci\u00f3n de Jara Guerrero como gobernador sustituto: Alfonso Mart\u00ednez"},"content":{"rendered":"<p><a href=\"https:\/\/radiowebmx.com\/nota\/wp-content\/uploads\/2014\/06\/Alfonso-Mart\u00ednez-Alc\u00e1zar-Presidente-del-Congreso-del-Estado.jpg\"><img loading=\"lazy\" decoding=\"async\" class=\"alignleft size-full wp-image-7929\" alt=\"Alfonso Mart\u00ednez Alc\u00e1zar, Presidente del Congreso del Estado\" src=\"https:\/\/radiowebmx.com\/nota\/wp-content\/uploads\/2014\/06\/Alfonso-Mart\u00ednez-Alc\u00e1zar-Presidente-del-Congreso-del-Estado.jpg\" width=\"591\" height=\"265\" srcset=\"https:\/\/radiowebmx.com\/nota\/wp-content\/uploads\/2014\/06\/Alfonso-Mart\u00ednez-Alc\u00e1zar-Presidente-del-Congreso-del-Estado.jpg 591w, https:\/\/radiowebmx.com\/nota\/wp-content\/uploads\/2014\/06\/Alfonso-Mart\u00ednez-Alc\u00e1zar-Presidente-del-Congreso-del-Estado-300x134.jpg 300w\" sizes=\"auto, (max-width: 591px) 100vw, 591px\" \/><\/a>\u201cLos diputados de la Septuag\u00e9sima Segunda Legislatura del Congreso del Estado, actuamos con total responsabilidad y compromiso con los ciudadanos, en la designaci\u00f3n del Maestro Salvador Jara Guerrero como gobernador sustituto para Estado de Michoac\u00e1n, para lo que resta del periodo constitucional que culminar\u00e1 en septiembre del 2015, por lo que le pedimos no defraude a los michoacanos, ni tampoco la confianza que el Poder Legislativo deposit\u00f3 en su persona\u201d, se\u00f1al\u00f3 el Presidente de la Mesa Directiva del Congreso del Estado, Alfonso Mart\u00ednez Alc\u00e1zar.<\/p>\n<p>&nbsp;<\/p>\n<p>Despu\u00e9s de la renuncia presentada por el Licenciado Fausto Vallejo Figueroa al ejercicio de sus labores como Gobernador Constitucional de Michoac\u00e1n, Mart\u00ednez Alc\u00e1zar se\u00f1al\u00f3 la trascendencia y consenso entre las diversas fracciones y fuerzas pol\u00edticas representadas en el Poder Legislativo, para lograr llegar a un acuerdo que los llevara a la designaci\u00f3n de Jara Guerrero, para que cumpla con la responsabilidad al frente del Ejecutivo Estatal, y que traslade a la entidad por un rumbo de certidumbre, progreso y desarrollo para los michoacanos.<\/p>\n<p>&nbsp;<\/p>\n<p>\u201cOtorgamos nuestro voto de confianza al actual Gobernador de Michoac\u00e1n y confiamos que con esta designaci\u00f3n impulsada por el Congreso del Estado, termine la incertidumbre que ha prevalecido en la entidad, as\u00ed como tambi\u00e9n se realicen acciones firmes, donde exista una total coordinaci\u00f3n con los municipios, con la federaci\u00f3n, as\u00ed como tambi\u00e9n con los diversos poderes del Estado, de manera que se genere desarrollo y se traiga la inversi\u00f3n necesaria que permita reactivar la econom\u00eda de la entidad\u201d, indic\u00f3 Alfonso Mart\u00ednez.<\/p>\n<p>&nbsp;<\/p>\n<p>Asimismo, se\u00f1al\u00f3 que el perfil del actual gobernador sustituto de la entidad, logr\u00f3\u00a0 el consenso de todos los diputados de la actual legislatura, por lo que sin duda, cuentan con la plena confianza de que sabr\u00e1 darle rumbo al Estado, para la generaci\u00f3n del desarrollo integral de Michoac\u00e1n, \u201clos ciudadanos merecen gozar de mayores oportunidades que permitan mejorar la calidad de vida de sus familias\u201d, refiri\u00f3 Mart\u00ednez Alc\u00e1zar.<\/p>\n<p>&nbsp;<\/p>\n<p>En el mismo contexto, el l\u00edder de los diputados michoacanos en la entidad, exhort\u00f3 al gobernador de la entidad, a que cumpla los compromisos de\u00a0impulsar el orden y la transparencia de las finanzas del Estado, as\u00ed como tambi\u00e9n, ser un gobernante de mano firme que actu\u00e9 siempre dentro del marco de la ley, sin intimidaciones ni presiones pol\u00edticas de ninguna \u00edndole.<\/p>\n<p>&nbsp;<\/p>\n<p>Finalmente Alfonso Mart\u00ednez Alc\u00e1zar refiri\u00f3, \u201chacemos un llamado al Titular del Ejecutivo Estatal a que no defraude a los michoacanos y trabajemos en coordinaci\u00f3n con los diversos poderes de la entidad, as\u00ed como tambi\u00e9n con la federaci\u00f3n, para que se genere el desarrollo que la entidad necesita y se impulsen no solo compromisos, sino acciones contundentes que sean el inicio de la reconstrucci\u00f3n que permita regresarle la paz, el desarrollo, la viabilidad y el orden a Michoac\u00e1n\u201d.<\/p>\n","protected":false},"excerpt":{"rendered":"<p>\u201cLos diputados de la Septuag\u00e9sima Segunda Legislatura del Congreso del Estado, actuamos con total responsabilidad y compromiso con los ciudadanos, en la designaci\u00f3n del Maestro Salvador Jara Guerrero como gobernador sustituto para Estado de Michoac\u00e1n, para lo que resta del periodo constitucional que culminar\u00e1 en septiembre del 2015, por lo que le pedimos no defraude [&hellip;]<\/p>\n","protected":false},"author":1,"featured_media":7929,"comment_status":"open","ping_status":"open","sticky":false,"template":"","format":"standard","meta":{"footnotes":""},"categories":[6,14,8],"tags":[],"class_list":["post-7928","post","type-post","status-publish","format-standard","has-post-thumbnail","hentry","category-congreso-del-estado","category-destacadas","category-grupo-parlamentario-del-pan"],"_links":{"self":[{"href":"https:\/\/radiowebmx.com\/nota\/wp-json\/wp\/v2\/posts\/7928","targetHints":{"allow":["GET"]}}],"collection":[{"href":"https:\/\/radiowebmx.com\/nota\/wp-json\/wp\/v2\/posts"}],"about":[{"href":"https:\/\/radiowebmx.com\/nota\/wp-json\/wp\/v2\/types\/post"}],"author":[{"embeddable":true,"href":"https:\/\/radiowebmx.com\/nota\/wp-json\/wp\/v2\/users\/1"}],"replies":[{"embeddable":true,"href":"https:\/\/radiowebmx.com\/nota\/wp-json\/wp\/v2\/comments?post=7928"}],"version-history":[{"count":2,"href":"https:\/\/radiowebmx.com\/nota\/wp-json\/wp\/v2\/posts\/7928\/revisions"}],"predecessor-version":[{"id":7931,"href":"https:\/\/radiowebmx.com\/nota\/wp-json\/wp\/v2\/posts\/7928\/revisions\/7931"}],"wp:featuredmedia":[{"embeddable":true,"href":"https:\/\/radiowebmx.com\/nota\/wp-json\/wp\/v2\/media\/7929"}],"wp:attachment":[{"href":"https:\/\/radiowebmx.com\/nota\/wp-json\/wp\/v2\/media?parent=7928"}],"wp:term":[{"taxonomy":"category","embeddable":true,"href":"https:\/\/radiowebmx.com\/nota\/wp-json\/wp\/v2\/categories?post=7928"},{"taxonomy":"post_tag","embeddable":true,"href":"https:\/\/radiowebmx.com\/nota\/wp-json\/wp\/v2\/tags?post=7928"}],"curies":[{"name":"wp","href":"https:\/\/api.w.org\/{rel}","templated":true}]}}