{"id":7923,"date":"2014-06-22T23:22:03","date_gmt":"2014-06-23T04:22:03","guid":{"rendered":"https:\/\/radiowebmx.com\/nota\/?p=7923"},"modified":"2014-06-22T23:22:03","modified_gmt":"2014-06-23T04:22:03","slug":"caminan-trotan-y-corren-en-uruapan-por-michoacan","status":"publish","type":"post","link":"https:\/\/radiowebmx.com\/nota\/caminan-trotan-y-corren-en-uruapan-por-michoacan\/","title":{"rendered":"CAMINAN, TROTAN Y CORREN EN URUAPAN POR MICHOAC\u00c1N"},"content":{"rendered":"<p><a href=\"https:\/\/radiowebmx.com\/nota\/wp-content\/uploads\/2014\/06\/4Q4A1973.jpg\"><img loading=\"lazy\" decoding=\"async\" class=\"alignleft size-full wp-image-7924\" alt=\"4Q4A1973\" src=\"https:\/\/radiowebmx.com\/nota\/wp-content\/uploads\/2014\/06\/4Q4A1973.jpg\" width=\"591\" height=\"253\" srcset=\"https:\/\/radiowebmx.com\/nota\/wp-content\/uploads\/2014\/06\/4Q4A1973.jpg 591w, https:\/\/radiowebmx.com\/nota\/wp-content\/uploads\/2014\/06\/4Q4A1973-300x128.jpg 300w\" sizes=\"auto, (max-width: 591px) 100vw, 591px\" \/><\/a>M\u00e1s de mil personas se dieron cita en la presidencia municipal de esta ciudad para el inicio del serial Camina, Corre y Trota por Michoac\u00e1n, en el que particip\u00f3 el secretario de Educaci\u00f3n, Jes\u00fas Sierra Arias en la inauguraci\u00f3n y premiaci\u00f3n de los primeros lugares.<\/p>\n<p>El objetivo de la actividad es recomponer el tejido social a trav\u00e9s de la activaci\u00f3n f\u00edsica, la convivencia y el sano esparcimiento de la ciudadan\u00eda, as\u00ed lo precis\u00f3 el presidente municipal, Aldo Mac\u00edas Alejandres, ante la presencia del subdirector Nacional del Deporte, Juan Manuel Gardu\u00f1o Moreno; del secretario de los J\u00f3venes, Francisco Xavier Lara Medina y del presidente municipal de Morelia, Wilfrido L\u00e1zaro Medina.<\/p>\n<p>Durante su participaci\u00f3n, el subdirector Nacional del Deporte reconoci\u00f3 a todos los atletas y la ciudadan\u00eda en general que este d\u00eda participaron caminando, corriendo y trotando.<\/p>\n<p>El secretario de Educaci\u00f3n entreg\u00f3 la medalla a los primeros lugares de varoniles que corrieron 5 kil\u00f3metros.<\/p>\n<p>El Serial que forma parte de las acciones del Plan Michoac\u00e1n, se realiz\u00f3 en Morelia y P\u00e1tzcuaro los d\u00edas 18 y 25 de mayo, respectivamente; las pr\u00f3ximas fechas ser\u00e1n el 20 de julio en Apatzing\u00e1n; el 24 de agosto en L\u00e1zaro C\u00e1rdenas, 21 de septiembre en Zit\u00e1cuaro, La Piedad en 19 de octubre, Zamora el 23 de noviembre y Ciudad Hidalgo el 21 de diciembre.<\/p>\n","protected":false},"excerpt":{"rendered":"<p>M\u00e1s de mil personas se dieron cita en la presidencia municipal de esta ciudad para el inicio del serial Camina, Corre y Trota por Michoac\u00e1n, en el que particip\u00f3 el secretario de Educaci\u00f3n, Jes\u00fas Sierra Arias en la inauguraci\u00f3n y premiaci\u00f3n de los primeros lugares.<\/p>\n","protected":false},"author":1,"featured_media":7924,"comment_status":"open","ping_status":"open","sticky":false,"template":"","format":"standard","meta":{"footnotes":""},"categories":[14,3],"tags":[],"class_list":["post-7923","post","type-post","status-publish","format-standard","has-post-thumbnail","hentry","category-destacadas","category-gobierno-del-estado-de-michoacan"],"_links":{"self":[{"href":"https:\/\/radiowebmx.com\/nota\/wp-json\/wp\/v2\/posts\/7923","targetHints":{"allow":["GET"]}}],"collection":[{"href":"https:\/\/radiowebmx.com\/nota\/wp-json\/wp\/v2\/posts"}],"about":[{"href":"https:\/\/radiowebmx.com\/nota\/wp-json\/wp\/v2\/types\/post"}],"author":[{"embeddable":true,"href":"https:\/\/radiowebmx.com\/nota\/wp-json\/wp\/v2\/users\/1"}],"replies":[{"embeddable":true,"href":"https:\/\/radiowebmx.com\/nota\/wp-json\/wp\/v2\/comments?post=7923"}],"version-history":[{"count":1,"href":"https:\/\/radiowebmx.com\/nota\/wp-json\/wp\/v2\/posts\/7923\/revisions"}],"predecessor-version":[{"id":7925,"href":"https:\/\/radiowebmx.com\/nota\/wp-json\/wp\/v2\/posts\/7923\/revisions\/7925"}],"wp:featuredmedia":[{"embeddable":true,"href":"https:\/\/radiowebmx.com\/nota\/wp-json\/wp\/v2\/media\/7924"}],"wp:attachment":[{"href":"https:\/\/radiowebmx.com\/nota\/wp-json\/wp\/v2\/media?parent=7923"}],"wp:term":[{"taxonomy":"category","embeddable":true,"href":"https:\/\/radiowebmx.com\/nota\/wp-json\/wp\/v2\/categories?post=7923"},{"taxonomy":"post_tag","embeddable":true,"href":"https:\/\/radiowebmx.com\/nota\/wp-json\/wp\/v2\/tags?post=7923"}],"curies":[{"name":"wp","href":"https:\/\/api.w.org\/{rel}","templated":true}]}}