{"id":783,"date":"2012-12-07T13:36:28","date_gmt":"2012-12-07T19:36:28","guid":{"rendered":"https:\/\/radiowebmx.com\/nota\/?p=783"},"modified":"2013-01-07T13:40:02","modified_gmt":"2013-01-07T19:40:02","slug":"en-representacion-del-gobernador-fausto-vallejo-asiste-el-secretario-de-los-jovenes-jesus-vazquez-al-primer-informe-de-gobierno-municipal-del-alcalde-de-gabriel-zamora%e2%80%8f","status":"publish","type":"post","link":"https:\/\/radiowebmx.com\/nota\/en-representacion-del-gobernador-fausto-vallejo-asiste-el-secretario-de-los-jovenes-jesus-vazquez-al-primer-informe-de-gobierno-municipal-del-alcalde-de-gabriel-zamora%e2%80%8f\/","title":{"rendered":"En representaci\u00f3n del gobernador, Fausto Vallejo, asiste el secretario de los J\u00f3venes, Jes\u00fas V\u00e1zquez, al Primer Informe de Gobierno Municipal del alcalde de Gabriel Zamora\u200f"},"content":{"rendered":"<p><img loading=\"lazy\" decoding=\"async\" class=\"alignnone\" src=\"http:\/\/img189.imageshack.us\/img189\/3694\/img01158201212071854.jpg\" alt=\"\" width=\"800\" height=\"384\" \/>Con la representaci\u00f3n del gobernador del estado, Fausto Vallejo Figueroa, el\u00a0\u00a0titular de la Secretar\u00eda de los J\u00f3venes, Jes\u00fas V\u00e1zquez Estupi\u00f1\u00e1n, asisti\u00f3 a la presentaci\u00f3n del Primer Informe de Gobierno Municipal de Jes\u00fas Borjas Infante, alcalde de Gabriel Zamora.<\/p>\n<div><\/div>\n<div><\/div>\n","protected":false},"excerpt":{"rendered":"<p>Con la representaci\u00f3n del gobernador del estado, Fausto Vallejo Figueroa, el  titular de la Secretar\u00eda de los J\u00f3venes, Jes\u00fas V\u00e1zquez Estupi\u00f1\u00e1n, asisti\u00f3 a la presentaci\u00f3n del Primer Informe de Gobierno Municipal de Jes\u00fas Borjas Infante, alcalde de Gabriel Zamora.<\/p>\n","protected":false},"author":1,"featured_media":0,"comment_status":"open","ping_status":"open","sticky":false,"template":"","format":"standard","meta":{"footnotes":""},"categories":[3],"tags":[],"class_list":["post-783","post","type-post","status-publish","format-standard","hentry","category-gobierno-del-estado-de-michoacan"],"_links":{"self":[{"href":"https:\/\/radiowebmx.com\/nota\/wp-json\/wp\/v2\/posts\/783","targetHints":{"allow":["GET"]}}],"collection":[{"href":"https:\/\/radiowebmx.com\/nota\/wp-json\/wp\/v2\/posts"}],"about":[{"href":"https:\/\/radiowebmx.com\/nota\/wp-json\/wp\/v2\/types\/post"}],"author":[{"embeddable":true,"href":"https:\/\/radiowebmx.com\/nota\/wp-json\/wp\/v2\/users\/1"}],"replies":[{"embeddable":true,"href":"https:\/\/radiowebmx.com\/nota\/wp-json\/wp\/v2\/comments?post=783"}],"version-history":[{"count":7,"href":"https:\/\/radiowebmx.com\/nota\/wp-json\/wp\/v2\/posts\/783\/revisions"}],"predecessor-version":[{"id":790,"href":"https:\/\/radiowebmx.com\/nota\/wp-json\/wp\/v2\/posts\/783\/revisions\/790"}],"wp:attachment":[{"href":"https:\/\/radiowebmx.com\/nota\/wp-json\/wp\/v2\/media?parent=783"}],"wp:term":[{"taxonomy":"category","embeddable":true,"href":"https:\/\/radiowebmx.com\/nota\/wp-json\/wp\/v2\/categories?post=783"},{"taxonomy":"post_tag","embeddable":true,"href":"https:\/\/radiowebmx.com\/nota\/wp-json\/wp\/v2\/tags?post=783"}],"curies":[{"name":"wp","href":"https:\/\/api.w.org\/{rel}","templated":true}]}}