{"id":7789,"date":"2014-05-21T14:48:25","date_gmt":"2014-05-21T19:48:25","guid":{"rendered":"https:\/\/radiowebmx.com\/nota\/?p=7789"},"modified":"2014-06-16T14:50:51","modified_gmt":"2014-06-16T19:50:51","slug":"conmemoran-119-aniversario-natalicio-de-lazaro-cardenas-del-rio%e2%80%8f","status":"publish","type":"post","link":"https:\/\/radiowebmx.com\/nota\/conmemoran-119-aniversario-natalicio-de-lazaro-cardenas-del-rio%e2%80%8f\/","title":{"rendered":"CONMEMORAN 119 ANIVERSARIO NATALICIO DE LAZARO CARDENAS DEL RIO\u200f"},"content":{"rendered":"<p><a href=\"https:\/\/radiowebmx.com\/nota\/wp-content\/uploads\/2014\/06\/lazaro-25.jpg\"><img loading=\"lazy\" decoding=\"async\" class=\"alignleft size-full wp-image-7790\" alt=\"lazaro (25)\" src=\"https:\/\/radiowebmx.com\/nota\/wp-content\/uploads\/2014\/06\/lazaro-25.jpg\" width=\"591\" height=\"311\" srcset=\"https:\/\/radiowebmx.com\/nota\/wp-content\/uploads\/2014\/06\/lazaro-25.jpg 591w, https:\/\/radiowebmx.com\/nota\/wp-content\/uploads\/2014\/06\/lazaro-25-300x157.jpg 300w\" sizes=\"auto, (max-width: 591px) 100vw, 591px\" \/><\/a>Al conmemorarse este 21 de mayo el 119 aniversario del natalicio del General L\u00e1zaro C\u00e1rdenas del R\u00edo, el Ayuntamiento de Morelia al frente del presidente, Wilfrido L\u00e1zaro Medina, le rindi\u00f3 homenaje en el monumento que lleva el nombre del ilustre michoacano.<\/p>\n<p>&nbsp;<\/p>\n<p>Guadalupe Estrada Lepe, directora del Instituto Polit\u00e9cnico Nacional en Morelia,\u00a0 fue la encargada de dar el discurso oficial en el que resalt\u00f3 la imagen de quien fund\u00f3 esta instituci\u00f3n educativa, que actualmente registra una plantilla de 27 mil personas entre estudiantes y acad\u00e9micos, tiene una oferta acad\u00e9mica de\u00a0 35 carreras con presencia en 22 estados del pa\u00eds.<\/p>\n<p>&nbsp;<\/p>\n<p>Hizo referencia a la lucha del michoacano por regresar sus tierras a los campesinos y por su compromiso social y sobre todo, \u201cfavoreci\u00f3 siempre a la educaci\u00f3n\u201d.<\/p>\n<p>&nbsp;<\/p>\n<p>Al acto c\u00edvico, asistieron adem\u00e1s el presidente de la mesa directiva del Congreso del Estado, Alfonso Mart\u00ednez Alc\u00e1zar, y representantes del gobierno del estado, 21 Zona Militar, Supremo Tribunal de Justicia del Estado y regidores que integran el Cabildo de Morelia, as\u00ed como funcionarios del Ayuntamiento.<\/p>\n","protected":false},"excerpt":{"rendered":"<p>Al conmemorarse este 21 de mayo el 119 aniversario del natalicio del General L\u00e1zaro C\u00e1rdenas del R\u00edo, el Ayuntamiento de Morelia al frente del presidente, Wilfrido L\u00e1zaro Medina, le rindi\u00f3 homenaje en el monumento que lleva el nombre del ilustre michoacano.<\/p>\n","protected":false},"author":1,"featured_media":7790,"comment_status":"open","ping_status":"open","sticky":false,"template":"","format":"standard","meta":{"footnotes":""},"categories":[14,9],"tags":[],"class_list":["post-7789","post","type-post","status-publish","format-standard","has-post-thumbnail","hentry","category-destacadas","category-morelia"],"_links":{"self":[{"href":"https:\/\/radiowebmx.com\/nota\/wp-json\/wp\/v2\/posts\/7789","targetHints":{"allow":["GET"]}}],"collection":[{"href":"https:\/\/radiowebmx.com\/nota\/wp-json\/wp\/v2\/posts"}],"about":[{"href":"https:\/\/radiowebmx.com\/nota\/wp-json\/wp\/v2\/types\/post"}],"author":[{"embeddable":true,"href":"https:\/\/radiowebmx.com\/nota\/wp-json\/wp\/v2\/users\/1"}],"replies":[{"embeddable":true,"href":"https:\/\/radiowebmx.com\/nota\/wp-json\/wp\/v2\/comments?post=7789"}],"version-history":[{"count":3,"href":"https:\/\/radiowebmx.com\/nota\/wp-json\/wp\/v2\/posts\/7789\/revisions"}],"predecessor-version":[{"id":7792,"href":"https:\/\/radiowebmx.com\/nota\/wp-json\/wp\/v2\/posts\/7789\/revisions\/7792"}],"wp:featuredmedia":[{"embeddable":true,"href":"https:\/\/radiowebmx.com\/nota\/wp-json\/wp\/v2\/media\/7790"}],"wp:attachment":[{"href":"https:\/\/radiowebmx.com\/nota\/wp-json\/wp\/v2\/media?parent=7789"}],"wp:term":[{"taxonomy":"category","embeddable":true,"href":"https:\/\/radiowebmx.com\/nota\/wp-json\/wp\/v2\/categories?post=7789"},{"taxonomy":"post_tag","embeddable":true,"href":"https:\/\/radiowebmx.com\/nota\/wp-json\/wp\/v2\/tags?post=7789"}],"curies":[{"name":"wp","href":"https:\/\/api.w.org\/{rel}","templated":true}]}}