{"id":7782,"date":"2014-05-21T14:40:58","date_gmt":"2014-05-21T19:40:58","guid":{"rendered":"https:\/\/radiowebmx.com\/nota\/?p=7782"},"modified":"2014-06-16T14:42:27","modified_gmt":"2014-06-16T19:42:27","slug":"celebra-lazaro-medina-22-aniversario-del-icatmi","status":"publish","type":"post","link":"https:\/\/radiowebmx.com\/nota\/celebra-lazaro-medina-22-aniversario-del-icatmi\/","title":{"rendered":"CELEBRA L\u00c1ZARO MEDINA 22 ANIVERSARIO DEL ICATMI"},"content":{"rendered":"<p><a href=\"https:\/\/radiowebmx.com\/nota\/wp-content\/uploads\/2014\/06\/icatmi-28.jpg\"><img loading=\"lazy\" decoding=\"async\" class=\"alignleft size-full wp-image-7783\" alt=\"icatmi (28)\" src=\"https:\/\/radiowebmx.com\/nota\/wp-content\/uploads\/2014\/06\/icatmi-28.jpg\" width=\"591\" height=\"374\" srcset=\"https:\/\/radiowebmx.com\/nota\/wp-content\/uploads\/2014\/06\/icatmi-28.jpg 591w, https:\/\/radiowebmx.com\/nota\/wp-content\/uploads\/2014\/06\/icatmi-28-300x189.jpg 300w\" sizes=\"auto, (max-width: 591px) 100vw, 591px\" \/><\/a>El presidente municipal de Morelia, Wilfrido L\u00e1zaro Medina, particip\u00f3 este mi\u00e9rcoles en el acto conmemorativo con motivo del 22 aniversario de la fundaci\u00f3n del Instituto de Capacitaci\u00f3n para el Trabajo del Estado de Michoac\u00e1n (ICATMI), subsistema del que fue director general en los a\u00f1os 2000 y 2001.<\/p>\n<p>&nbsp;<\/p>\n<p>\u201cHa sido una de las decisiones m\u00e1s afortunadas que he tenido en mi vida, trabajar con ustedes, ha sido grandioso, en esa l\u00ednea tan sensible de quienes se acercan para buscar una opci\u00f3n de vida, porque no la tienen en ese momento, y saben que la va a tener si, y s\u00f3lo si, se capacitan\u201d, afirm\u00f3 el edil moreliano durante el evento realizado en el Centro de Convenciones y Exposiciones de la ciudad (Ceconexpo).<\/p>\n<p>&nbsp;<\/p>\n<p>El actual director general del Icatmi, Jos\u00e9 Bert\u00edn Cornejo Mart\u00ednez, coment\u00f3 que, desde su apertura en 1992, la instituci\u00f3n ha logrado casi 600 mil capacitaciones en los 21 planteles de la entidad, donde se potencializan capacidades, mejoran habilidades, desarrollan competencias y actualizan conocimientos.<\/p>\n<p>&nbsp;<\/p>\n<p>Posteriormente, agradeci\u00f3 al profesor L\u00e1zaro Medina el desempe\u00f1o que tuvo al interior del Instituto cuando lo encabez\u00f3, y la ayuda que ahora le brinda.<\/p>\n<p>&nbsp;<\/p>\n<p>Marco Antonio Aguilar Cort\u00e9s, secretario de Cultura de Michoac\u00e1n, quien recibi\u00f3 un reconocimiento de manos de los miembros del pres\u00eddium, por ser el fundador del subsistema, destac\u00f3 el trabajo que realiza el edil moreliano en el municipio.<\/p>\n<p>&nbsp;<\/p>\n<p>\u201cQu\u00e9 bueno que tenemos la presencia de un Presidente Municipal muy trabajador. Incluso a veces nos molesta su trabajo, cada vez que cierra calles para pavimentarlas. Pero, padecer para merecer, porque cuando vemos las calles muy bien pavimentadas, entonces le tenemos que aplaudir a nuestro compa\u00f1ero y amigo\u201d, manifest\u00f3.<\/p>\n<p>&nbsp;<\/p>\n<p>Finalmente, el representante personal del Gobernador de Michoac\u00e1n, Juan Carlos Becerra Beltr\u00e1n, concluy\u00f3: \u201cMe dec\u00eda el se\u00f1or Presidente Municipal, que un tema que fortalece es precisamente este contacto con la gente. \u00c9l, al haber tenido la oportunidad de estar dirigiendo esta instituci\u00f3n, es una historia de \u00e9xito del Icatmi\u201d.<\/p>\n<p>&nbsp;<\/p>\n<p>A la celebraci\u00f3n asistieron tambi\u00e9n la diputada local Daniela de los Santos Torres; el delegado federal de la Secretar\u00eda del Trabajo y Previsi\u00f3n Social en la entidad, Jos\u00e9 Noguez Salda\u00f1a; entre otros funcionarios, capacitadores y empleados del Icatmi.<\/p>\n","protected":false},"excerpt":{"rendered":"<p>El presidente municipal de Morelia, Wilfrido L\u00e1zaro Medina, particip\u00f3 este mi\u00e9rcoles en el acto conmemorativo con motivo del 22 aniversario de la fundaci\u00f3n del Instituto de Capacitaci\u00f3n para el Trabajo del Estado de Michoac\u00e1n (ICATMI), subsistema del que fue director general en los a\u00f1os 2000 y 2001.<\/p>\n","protected":false},"author":1,"featured_media":7783,"comment_status":"open","ping_status":"open","sticky":false,"template":"","format":"standard","meta":{"footnotes":""},"categories":[14,3],"tags":[],"class_list":["post-7782","post","type-post","status-publish","format-standard","has-post-thumbnail","hentry","category-destacadas","category-gobierno-del-estado-de-michoacan"],"_links":{"self":[{"href":"https:\/\/radiowebmx.com\/nota\/wp-json\/wp\/v2\/posts\/7782","targetHints":{"allow":["GET"]}}],"collection":[{"href":"https:\/\/radiowebmx.com\/nota\/wp-json\/wp\/v2\/posts"}],"about":[{"href":"https:\/\/radiowebmx.com\/nota\/wp-json\/wp\/v2\/types\/post"}],"author":[{"embeddable":true,"href":"https:\/\/radiowebmx.com\/nota\/wp-json\/wp\/v2\/users\/1"}],"replies":[{"embeddable":true,"href":"https:\/\/radiowebmx.com\/nota\/wp-json\/wp\/v2\/comments?post=7782"}],"version-history":[{"count":4,"href":"https:\/\/radiowebmx.com\/nota\/wp-json\/wp\/v2\/posts\/7782\/revisions"}],"predecessor-version":[{"id":7788,"href":"https:\/\/radiowebmx.com\/nota\/wp-json\/wp\/v2\/posts\/7782\/revisions\/7788"}],"wp:featuredmedia":[{"embeddable":true,"href":"https:\/\/radiowebmx.com\/nota\/wp-json\/wp\/v2\/media\/7783"}],"wp:attachment":[{"href":"https:\/\/radiowebmx.com\/nota\/wp-json\/wp\/v2\/media?parent=7782"}],"wp:term":[{"taxonomy":"category","embeddable":true,"href":"https:\/\/radiowebmx.com\/nota\/wp-json\/wp\/v2\/categories?post=7782"},{"taxonomy":"post_tag","embeddable":true,"href":"https:\/\/radiowebmx.com\/nota\/wp-json\/wp\/v2\/tags?post=7782"}],"curies":[{"name":"wp","href":"https:\/\/api.w.org\/{rel}","templated":true}]}}