{"id":7759,"date":"2014-06-16T12:37:08","date_gmt":"2014-06-16T17:37:08","guid":{"rendered":"https:\/\/radiowebmx.com\/nota\/?p=7759"},"modified":"2014-06-16T12:38:40","modified_gmt":"2014-06-16T17:38:40","slug":"7759","status":"publish","type":"post","link":"https:\/\/radiowebmx.com\/nota\/7759\/","title":{"rendered":"se entregaron apoyos del Programa de Empleo Temporal de la Secretar\u00eda de Comunicaciones y Transportes (SCT)"},"content":{"rendered":"<p><a href=\"https:\/\/radiowebmx.com\/nota\/wp-content\/uploads\/2014\/06\/12.jpg\"><img loading=\"lazy\" decoding=\"async\" class=\"alignleft size-full wp-image-7760\" alt=\"1\" src=\"https:\/\/radiowebmx.com\/nota\/wp-content\/uploads\/2014\/06\/12.jpg\" width=\"591\" height=\"335\" srcset=\"https:\/\/radiowebmx.com\/nota\/wp-content\/uploads\/2014\/06\/12.jpg 591w, https:\/\/radiowebmx.com\/nota\/wp-content\/uploads\/2014\/06\/12-300x170.jpg 300w, https:\/\/radiowebmx.com\/nota\/wp-content\/uploads\/2014\/06\/12-128x72.jpg 128w\" sizes=\"auto, (max-width: 591px) 100vw, 591px\" \/><\/a>Como parte de las acciones implementadas dentro del Plan Michoac\u00e1n que llevan a cabo el Gobierno de la Rep\u00fablica y el Gobierno del Estado, se entregaron apoyos del Programa de Empleo Temporal de la Secretar\u00eda de Comunicaciones y Transportes (SCT), a j\u00f3venes habitantes de la Colonia Felipe Carrillo Puerto de la capital michoacana. El evento fue marco tambi\u00e9n de la premiaci\u00f3n del 1er. Torneo de f\u00fatbol, en las ramas femenil y varonil, realizado en esta colonia, con el objetivo de impulsar la reconstrucci\u00f3n del tejido social en la zona norte de Morelia, la cual reporta los mayores \u00edndices de pobreza en la capital del estado.<\/p>\n<p>&nbsp;<\/p>\n<p>El evento estuvo encabezado por Francisco Xavier Lara Medina, secretario de los J\u00f3venes;\u00a0 Virgilia Col\u00edn Castro, directora adjunta del Programa de Empleo Temporal de la SCT; Ad\u00e1n Mart\u00ednez, representante del Comisionado para el Desarrollo Integral de Michoac\u00e1n, Alfredo Castillo Cervantes, entre otros funcionarios federales, estatales y municipales.<\/p>\n","protected":false},"excerpt":{"rendered":"<p>Como parte de las acciones implementadas dentro del Plan Michoac\u00e1n que llevan a cabo el Gobierno de la Rep\u00fablica y el Gobierno del Estado, se entregaron apoyos del Programa de Empleo Temporal de la Secretar\u00eda de Comunicaciones y Transportes (SCT), a j\u00f3venes habitantes de la Colonia Felipe Carrillo Puerto de la capital michoacana. El evento [&hellip;]<\/p>\n","protected":false},"author":1,"featured_media":7760,"comment_status":"open","ping_status":"open","sticky":false,"template":"","format":"standard","meta":{"footnotes":""},"categories":[14,3],"tags":[],"class_list":["post-7759","post","type-post","status-publish","format-standard","has-post-thumbnail","hentry","category-destacadas","category-gobierno-del-estado-de-michoacan"],"_links":{"self":[{"href":"https:\/\/radiowebmx.com\/nota\/wp-json\/wp\/v2\/posts\/7759","targetHints":{"allow":["GET"]}}],"collection":[{"href":"https:\/\/radiowebmx.com\/nota\/wp-json\/wp\/v2\/posts"}],"about":[{"href":"https:\/\/radiowebmx.com\/nota\/wp-json\/wp\/v2\/types\/post"}],"author":[{"embeddable":true,"href":"https:\/\/radiowebmx.com\/nota\/wp-json\/wp\/v2\/users\/1"}],"replies":[{"embeddable":true,"href":"https:\/\/radiowebmx.com\/nota\/wp-json\/wp\/v2\/comments?post=7759"}],"version-history":[{"count":3,"href":"https:\/\/radiowebmx.com\/nota\/wp-json\/wp\/v2\/posts\/7759\/revisions"}],"predecessor-version":[{"id":7762,"href":"https:\/\/radiowebmx.com\/nota\/wp-json\/wp\/v2\/posts\/7759\/revisions\/7762"}],"wp:featuredmedia":[{"embeddable":true,"href":"https:\/\/radiowebmx.com\/nota\/wp-json\/wp\/v2\/media\/7760"}],"wp:attachment":[{"href":"https:\/\/radiowebmx.com\/nota\/wp-json\/wp\/v2\/media?parent=7759"}],"wp:term":[{"taxonomy":"category","embeddable":true,"href":"https:\/\/radiowebmx.com\/nota\/wp-json\/wp\/v2\/categories?post=7759"},{"taxonomy":"post_tag","embeddable":true,"href":"https:\/\/radiowebmx.com\/nota\/wp-json\/wp\/v2\/tags?post=7759"}],"curies":[{"name":"wp","href":"https:\/\/api.w.org\/{rel}","templated":true}]}}