{"id":7744,"date":"2014-06-16T11:32:40","date_gmt":"2014-06-16T16:32:40","guid":{"rendered":"https:\/\/radiowebmx.com\/nota\/?p=7744"},"modified":"2014-06-16T11:32:40","modified_gmt":"2014-06-16T16:32:40","slug":"en-el-primer-trimestre-del-2015-quedara-listo-el-teatro-mariano-matamoros-de-morelia","status":"publish","type":"post","link":"https:\/\/radiowebmx.com\/nota\/en-el-primer-trimestre-del-2015-quedara-listo-el-teatro-mariano-matamoros-de-morelia\/","title":{"rendered":"EN EL PRIMER TRIMESTRE DEL 2015, QUEDAR\u00c1 LISTO EL TEATRO \u201cMARIANO MATAMOROS\u201d DE MORELIA"},"content":{"rendered":"<p><a href=\"https:\/\/radiowebmx.com\/nota\/wp-content\/uploads\/2014\/06\/DSC_1758.jpg\"><img loading=\"lazy\" decoding=\"async\" class=\"alignleft size-full wp-image-7745\" alt=\"DSC_1758\" src=\"https:\/\/radiowebmx.com\/nota\/wp-content\/uploads\/2014\/06\/DSC_1758.jpg\" width=\"591\" height=\"320\" srcset=\"https:\/\/radiowebmx.com\/nota\/wp-content\/uploads\/2014\/06\/DSC_1758.jpg 591w, https:\/\/radiowebmx.com\/nota\/wp-content\/uploads\/2014\/06\/DSC_1758-300x162.jpg 300w\" sizes=\"auto, (max-width: 591px) 100vw, 591px\" \/><\/a>Con el respaldo del Gobierno de la Rep\u00fablica, la administraci\u00f3n que en Michoac\u00e1n encabeza Fausto Vallejo Figueroa realiza las gestiones pertinentes para que el teatro \u201cMariano Matamoros\u201d sea una realidad en el primer trimestre del 2015, para convertirse en el m\u00e1s importante espacio cultural del pa\u00eds ubicado en un Centro Hist\u00f3rico. La obra ser\u00e1 reactivada en los pr\u00f3ximos d\u00edas, luego de haber permanecido parada durante varios a\u00f1os.<\/p>\n<p>En reuni\u00f3n celebrada hace unos d\u00edas con integrantes del Comit\u00e9 T\u00e9cnico del Fideicomiso para la Construcci\u00f3n del teatro \u201cMariano Matamoros\u201d, el gobernador Fausto Vallejo Figueroa conoci\u00f3 pormenores sobre la construcci\u00f3n del inmueble, donde ya se han invertido recursos por el orden de los 225 millones de pesos, de acuerdo con el informe rendido por el responsable del proyecto, Cuauht\u00e9moc C\u00e1rdenas Batel.<\/p>\n<p>El mandatario estatal anunci\u00f3 que se han realizado gestiones ante el Gobierno Federal, a trav\u00e9s del Consejo Nacional para la Cultura y las Artes (Conaculta) para lograr que el recinto que se construye en el antiguo cine Colonial, en el portal \u201cMatamoros\u201d de la capital michoacana, quede completamente terminado hacia el primer trimestre del pr\u00f3ximo a\u00f1o. De entrada se canalizar\u00e1n 4 millones de pesos para reactivar la obra en los pr\u00f3ximos d\u00edas.<\/p>\n<p>\u201cHemos acudido ante el presidente Enrique Pe\u00f1a Nieto para solicitar su respaldo a efecto de terminar con la obra, debido a la trascendencia que \u00e9sta tiene para el fortalecimiento de la actividad cultural de Morelia\u201d, se\u00f1al\u00f3 Fausto Vallejo, quien destac\u00f3 que el Centro Hist\u00f3rico de la capital michoacana se posicionar\u00e1 como uno de los pocos del pa\u00eds en contar con un teatro en el que se combinen la majestuosidad arquitect\u00f3nica y las nuevas tecnolog\u00edas para dar paso a un recinto moderno para la presentaci\u00f3n de eventos diversos.<\/p>\n<p>Record\u00f3 que por muchos a\u00f1os se ha querido que Morelia cuente con un teatro de grandes dimensiones en su primer cuadro, de all\u00ed que durante una de sus gestiones como alcalde de esta capital, fue presentado el proyecto al entonces gobernador L\u00e1zaro C\u00e1rdenas Batel, por lo que fue posible iniciar con la obra en el espacio donde la iniciativa privada pretend\u00eda construir una tienda departamental, pero fue posible rescatarlo para el recinto cultural.<\/p>\n<p>Puntualiz\u00f3 que a trav\u00e9s del Conaculta ser\u00e1 factible acceder a los recursos\u00a0 que hagan falta para reactivar la construcci\u00f3n del inmueble donde ya hay importantes avances.<\/p>\n<p>Integrantes del Comit\u00e9 T\u00e9cnico del Fideicomiso, l\u00edderes de c\u00e1maras y organismos \u00a0empresariales, as\u00ed como servidores p\u00fablicos del Gobierno del Estado, entre ellos Gabriela Pati\u00f1o Pe\u00f1a, Agust\u00edn Arriaga D\u00edez, Clovis Remusat, \u00c1lvaro Medina Gonz\u00e1lez, Francisco Gallo Palmer, Arcadio M\u00e9ndez Hurtado; Gilberto Morelos Favela, escucharon los detalles de la obra que fue iniciada en el a\u00f1o de 2009 y que por falta de recursos econ\u00f3micos no ha podido se concluida.<\/p>\n<p>Tambi\u00e9n estuvieron presentes el secretario de Gobierno, Marco Vinicio Aguilera Garibay el titular del Cplade, Octavio Aparicio Mendoza; el secretario de Comunicaciones y Obras P\u00fablicas, Francisco \u00c1ngel Gonz\u00e1lez Ochoa; el titular de la Secretar\u00eda Estatal de Turismo, Roberto Monroy Garc\u00eda; y el s\u00edndico municipal de Morelia, Salvador Abud Mirabent.<\/p>\n<p>En su explicaci\u00f3n, Cuauht\u00e9moc C\u00e1rdenas Batel refiri\u00f3 que se tiene proyectado que el teatro pueda ser habilitado con dos tipos de escenarios, uno para un aforo de mil personas, y otro para 600, o bien completamente libre el espacio, debido a que se contar\u00e1 con asientos movibles de acuerdo a las necesidades. Para la iluminaci\u00f3n se contar\u00e1 con tecnolog\u00eda de punta.<\/p>\n<p>Se podr\u00e1n presentar conciertos musicales, obras de teatro, recitales, pasarelas y todas las manifestaciones art\u00edstico-culturales para elevar a\u00fan m\u00e1s el prestigio de Morelia como ciudad de arte y cultura.<\/p>\n<p>Se contar\u00e1 adem\u00e1s con una casa contigua que ser\u00e1 un sitio ideal para presentaciones de libros y otras actividades.<\/p>\n<p>Los asistentes mostraron su benepl\u00e1cito ante el anuncio del gobernador Fausto Vallejo Figueroa sobre la reactivaci\u00f3n de la construcci\u00f3n y la posibilidad de que en el primeros meses del 2015 por fin sea terminada.<\/p>\n","protected":false},"excerpt":{"rendered":"<p>Con el respaldo del Gobierno de la Rep\u00fablica, la administraci\u00f3n que en Michoac\u00e1n encabeza Fausto Vallejo Figueroa realiza las gestiones pertinentes para que el teatro \u201cMariano Matamoros\u201d sea una realidad en el primer trimestre del 2015,<\/p>\n","protected":false},"author":1,"featured_media":7745,"comment_status":"open","ping_status":"open","sticky":false,"template":"","format":"standard","meta":{"footnotes":""},"categories":[14,3],"tags":[],"class_list":["post-7744","post","type-post","status-publish","format-standard","has-post-thumbnail","hentry","category-destacadas","category-gobierno-del-estado-de-michoacan"],"_links":{"self":[{"href":"https:\/\/radiowebmx.com\/nota\/wp-json\/wp\/v2\/posts\/7744","targetHints":{"allow":["GET"]}}],"collection":[{"href":"https:\/\/radiowebmx.com\/nota\/wp-json\/wp\/v2\/posts"}],"about":[{"href":"https:\/\/radiowebmx.com\/nota\/wp-json\/wp\/v2\/types\/post"}],"author":[{"embeddable":true,"href":"https:\/\/radiowebmx.com\/nota\/wp-json\/wp\/v2\/users\/1"}],"replies":[{"embeddable":true,"href":"https:\/\/radiowebmx.com\/nota\/wp-json\/wp\/v2\/comments?post=7744"}],"version-history":[{"count":2,"href":"https:\/\/radiowebmx.com\/nota\/wp-json\/wp\/v2\/posts\/7744\/revisions"}],"predecessor-version":[{"id":7747,"href":"https:\/\/radiowebmx.com\/nota\/wp-json\/wp\/v2\/posts\/7744\/revisions\/7747"}],"wp:featuredmedia":[{"embeddable":true,"href":"https:\/\/radiowebmx.com\/nota\/wp-json\/wp\/v2\/media\/7745"}],"wp:attachment":[{"href":"https:\/\/radiowebmx.com\/nota\/wp-json\/wp\/v2\/media?parent=7744"}],"wp:term":[{"taxonomy":"category","embeddable":true,"href":"https:\/\/radiowebmx.com\/nota\/wp-json\/wp\/v2\/categories?post=7744"},{"taxonomy":"post_tag","embeddable":true,"href":"https:\/\/radiowebmx.com\/nota\/wp-json\/wp\/v2\/tags?post=7744"}],"curies":[{"name":"wp","href":"https:\/\/api.w.org\/{rel}","templated":true}]}}