{"id":7731,"date":"2014-06-16T10:40:50","date_gmt":"2014-06-16T15:40:50","guid":{"rendered":"https:\/\/radiowebmx.com\/nota\/?p=7731"},"modified":"2014-06-16T10:40:50","modified_gmt":"2014-06-16T15:40:50","slug":"dif-michoacan-impulsa-salud-integral-en-la-poblacion-vulnerable","status":"publish","type":"post","link":"https:\/\/radiowebmx.com\/nota\/dif-michoacan-impulsa-salud-integral-en-la-poblacion-vulnerable\/","title":{"rendered":"DIF MICHOAC\u00c1N IMPULSA SALUD INTEGRAL EN LA POBLACI\u00d3N VULNERABLE"},"content":{"rendered":"<p><a href=\"https:\/\/radiowebmx.com\/nota\/wp-content\/uploads\/2014\/06\/DSC0149.jpg\"><img loading=\"lazy\" decoding=\"async\" class=\"alignleft size-full wp-image-7732\" alt=\"_DSC0149\" src=\"https:\/\/radiowebmx.com\/nota\/wp-content\/uploads\/2014\/06\/DSC0149.jpg\" width=\"591\" height=\"295\" srcset=\"https:\/\/radiowebmx.com\/nota\/wp-content\/uploads\/2014\/06\/DSC0149.jpg 591w, https:\/\/radiowebmx.com\/nota\/wp-content\/uploads\/2014\/06\/DSC0149-300x149.jpg 300w\" sizes=\"auto, (max-width: 591px) 100vw, 591px\" \/><\/a>El Sistema para el Desarrollo Integral de la Familia (DIF) Michoac\u00e1n, que preside Patricia Mora de Vallejo, en coordinaci\u00f3n con la Secretar\u00eda de Salud del Estado, trabajan en conjunto el Programa de Comunidades Saludables, con el cual se efectu\u00f3 una Feria de la Salud y Atenci\u00f3n Integral en los municipios de Los Reyes y Tar\u00edmbaro.<\/p>\n<p>Nelly Sastr\u00e9 Gasca, directora general del Sistema DIF Michoac\u00e1n explic\u00f3 que el objetivo de la Feria de la Salud es impulsar a nivel local los principios b\u00e1sicos para el bienestar f\u00edsico, promover pol\u00edticas p\u00fablicas sanas, crear entornos saludables y elevar la calidad de vida de las personas en estado de vulnerabilidad.<\/p>\n<p>En el municipio de Los Reyes, se efectuaron acciones preventivas de toma de glucosa, toma de presi\u00f3n arterial, revisi\u00f3n bucal a los asistentes y capacitaciones acerca de los trastornos neuromotores, tem\u00e1tica que aborda los s\u00edntomas que presentan los ni\u00f1os con este padecimiento, as\u00ed como dar a conocer los diferentes tipos de par\u00e1lisis cerebral.<\/p>\n<p>Adem\u00e1s se realiz\u00f3 la pl\u00e1tica titulada \u201cLa violencia familiar es un delito\u201d, donde a trav\u00e9s de varios ejemplos, los asistentes lograron identificar las conductas que pueden ser consideradas como violencia intrafamiliar.<\/p>\n<p>As\u00ed mismo, se emprendi\u00f3 la pl\u00e1tica para la prevenci\u00f3n del sobrepeso y obesidad; el uso, abuso y beneficios del az\u00facar,\u00a0 grasas y aceites, donde se apoy\u00f3 con folletos y tr\u00edpticos a la ciudadan\u00eda, con lo cual se benefici\u00f3 a m\u00e1s de 400 personas y se recibieron 96 solicitudes de ayuda especial.<\/p>\n<p>En este eje, Viridiana Morales Escobedo, jefa del departamento de Proyectos Interinstitucionales del DIF Estatal, explic\u00f3 que en esta feria integral participaron m\u00e1s de 20 secretar\u00edas tanto del orden federal, estatal y municipal, con el prop\u00f3sito de replicarla una vez al mes, en diferentes municipios de la entidad michoacana.<\/p>\n<p>&nbsp;<\/p>\n<p>Por otra parte, en el municipio de Tar\u00edmbaro, el Ayuntamiento llev\u00f3 a cabo el proyecto denominado \u201cEl Municipio de Tar\u00edmbaro, trabajando en la promoci\u00f3n y prevenci\u00f3n de entornos saludables y libres de enfermedades trasmitidas por brucella\u201d.<\/p>\n<p>Bajo este programa, la dependencia estatal participa activamente promocionando las medidas de prevenci\u00f3n como son la toma de glucosa, toma de presi\u00f3n arterial, informaci\u00f3n de sobrepeso y obesidad infantil, as\u00ed como el manejo del uso y abuso del az\u00facar, grasas y aceites.<\/p>\n<p>Adem\u00e1s personal del DIF Estatal promovi\u00f3 alternativas saludables para preparar alimentos, como la soya, el frijol, la lenteja, el garbanzo y harinas, donde se entregaron tr\u00edpticos y recetarios con opciones de men\u00fas saludables.<\/p>\n<p>Se benefici\u00f3 a los adultos mayores y a las mujeres embarazadas con la entrega de vitaminas y minerales, as\u00ed como suplementos alimenticios de fibra.<\/p>\n<p>Finalmente, se efectu\u00f3 la toma de peso y talla de los asistentes, donde adem\u00e1s se repartieron tr\u00edpticos acerca de la prevenci\u00f3n del c\u00e1ncer de mama y de la violencia familiar.<\/p>\n<p>Cabe destacar que con estas acciones el Sistema DIF Estatal cumple\u00a0 con los compromisos de atender a la poblaci\u00f3n vulnerable; fomentando un entorno saludable, fortaleciendo la acci\u00f3n comunitaria y social, y reorientando los servicios de salud para proporcionar a la poblaci\u00f3n los medios id\u00f3neos para mantener su salud y ejercer un mayor control sobre la misma.<\/p>\n","protected":false},"excerpt":{"rendered":"<p>El Sistema para el Desarrollo Integral de la Familia (DIF) Michoac\u00e1n, que preside Patricia Mora de Vallejo, en coordinaci\u00f3n con la Secretar\u00eda de Salud del Estado, trabajan en conjunto el Programa de Comunidades Saludables,<\/p>\n","protected":false},"author":1,"featured_media":7732,"comment_status":"open","ping_status":"open","sticky":false,"template":"","format":"standard","meta":{"footnotes":""},"categories":[14,3],"tags":[],"class_list":["post-7731","post","type-post","status-publish","format-standard","has-post-thumbnail","hentry","category-destacadas","category-gobierno-del-estado-de-michoacan"],"_links":{"self":[{"href":"https:\/\/radiowebmx.com\/nota\/wp-json\/wp\/v2\/posts\/7731","targetHints":{"allow":["GET"]}}],"collection":[{"href":"https:\/\/radiowebmx.com\/nota\/wp-json\/wp\/v2\/posts"}],"about":[{"href":"https:\/\/radiowebmx.com\/nota\/wp-json\/wp\/v2\/types\/post"}],"author":[{"embeddable":true,"href":"https:\/\/radiowebmx.com\/nota\/wp-json\/wp\/v2\/users\/1"}],"replies":[{"embeddable":true,"href":"https:\/\/radiowebmx.com\/nota\/wp-json\/wp\/v2\/comments?post=7731"}],"version-history":[{"count":1,"href":"https:\/\/radiowebmx.com\/nota\/wp-json\/wp\/v2\/posts\/7731\/revisions"}],"predecessor-version":[{"id":7733,"href":"https:\/\/radiowebmx.com\/nota\/wp-json\/wp\/v2\/posts\/7731\/revisions\/7733"}],"wp:featuredmedia":[{"embeddable":true,"href":"https:\/\/radiowebmx.com\/nota\/wp-json\/wp\/v2\/media\/7732"}],"wp:attachment":[{"href":"https:\/\/radiowebmx.com\/nota\/wp-json\/wp\/v2\/media?parent=7731"}],"wp:term":[{"taxonomy":"category","embeddable":true,"href":"https:\/\/radiowebmx.com\/nota\/wp-json\/wp\/v2\/categories?post=7731"},{"taxonomy":"post_tag","embeddable":true,"href":"https:\/\/radiowebmx.com\/nota\/wp-json\/wp\/v2\/tags?post=7731"}],"curies":[{"name":"wp","href":"https:\/\/api.w.org\/{rel}","templated":true}]}}