{"id":7712,"date":"2014-06-13T12:29:52","date_gmt":"2014-06-13T17:29:52","guid":{"rendered":"https:\/\/radiowebmx.com\/nota\/?p=7712"},"modified":"2014-06-13T12:29:52","modified_gmt":"2014-06-13T17:29:52","slug":"entrega-pgje-a-las-autoridades-de-oaxaca-menores-recuperados-en-lc","status":"publish","type":"post","link":"https:\/\/radiowebmx.com\/nota\/entrega-pgje-a-las-autoridades-de-oaxaca-menores-recuperados-en-lc\/","title":{"rendered":"Entrega PGJE a las autoridades de Oaxaca menores recuperados en LC"},"content":{"rendered":"<p><a href=\"https:\/\/radiowebmx.com\/nota\/wp-content\/uploads\/2014\/06\/Entrega-j\u00f3venes-oaxaque\u00f1os-a-PGJE.jpg\"><img loading=\"lazy\" decoding=\"async\" class=\"alignleft size-full wp-image-7713\" alt=\"Entrega j\u00f3venes oaxaque\u00f1os a PGJE\" src=\"https:\/\/radiowebmx.com\/nota\/wp-content\/uploads\/2014\/06\/Entrega-j\u00f3venes-oaxaque\u00f1os-a-PGJE.jpg\" width=\"591\" height=\"319\" srcset=\"https:\/\/radiowebmx.com\/nota\/wp-content\/uploads\/2014\/06\/Entrega-j\u00f3venes-oaxaque\u00f1os-a-PGJE.jpg 591w, https:\/\/radiowebmx.com\/nota\/wp-content\/uploads\/2014\/06\/Entrega-j\u00f3venes-oaxaque\u00f1os-a-PGJE-300x161.jpg 300w\" sizes=\"auto, (max-width: 591px) 100vw, 591px\" \/><\/a>Luego de que la Procuradur\u00eda General de Justicia del Estado, a trav\u00e9s de la Coordinaci\u00f3n de Atenci\u00f3n de Asuntos de Personas Desaparecidas, localiz\u00f3 en la ciudad de L\u00e1zaro C\u00e1rdenas a dos menores de edad que estaban reportados como desaparecidos en el estado de Oaxaca, este d\u00eda fueron entregados a las autoridades de aquella entidad, quienes se encargar\u00e1n de reintegrarlos a su familia.<\/p>\n<p>&nbsp;<\/p>\n<p>El subprocurador regional, Jaime Rodr\u00edguez Aguilar, fue el responsable de\u00a0 hacer la entrega protocolaria de Jos\u00e9 Alberto y Octavio Jim\u00e9nez Anzures, de 17 y 16 a\u00f1os de edad, respectivamente, quienes fueron ubicados en el domicilio de uno de sus familiares establecido \u00a0en la colonia Vista Industrial.<\/p>\n<p>&nbsp;<\/p>\n<p>La desaparici\u00f3n de los menores fue reportada el d\u00eda 27 de abril ante la Fiscal\u00eda de Oaxaca, por lo que de inmediato se activ\u00f3 el Programa ALERTA AMBER.<\/p>\n<p>&nbsp;<\/p>\n<p>En virtud de que las autoridades oaxaque\u00f1as ten\u00edan indicios de que los menores hab\u00edan sido trasladados a esta entidad,\u00a0 se contactaron con las autoridades michoacanas, quienes una vez que realizaron las investigaciones correspondientes lograron ubicar\u00a0 y recuperar \u00a0a los menores mediante un operativo realizado en \u00a0la ciudad de L\u00e1zaro C\u00e1rdenas.<\/p>\n<p>&nbsp;<\/p>\n<p>Las autoridades de la Subprocuradur\u00eda de Atenci\u00f3n a V\u00edctimas y Sociedad de la\u00a0 Fiscal\u00eda oaxaque\u00f1a, agradecieron a la PGJE de Michoac\u00e1n el apoyo brindado para ubicar a los menores que en las pr\u00f3ximas horas ser\u00e1n reintegrados a su familia.<\/p>\n<p>&nbsp;<\/p>\n<p>Con estas acciones, la Procuradur\u00eda General de Justicia del Estado reitera su compromiso de\u00a0 brindar una atenci\u00f3n puntual y oportuna en caso de reportes de desapariciones, por lo que pone a disposici\u00f3n de la ciudadan\u00eda el n\u00famero telef\u00f3nico gratuito 01 800 00 854 00, las 24 horas de los 365 d\u00edas del a\u00f1o, as\u00ed como tambi\u00e9n\u00a0 el correo electr\u00f3nico: alertaamber@pgr.gob.mx<\/p>\n","protected":false},"excerpt":{"rendered":"<p>Luego de que la Procuradur\u00eda General de Justicia del Estado, a trav\u00e9s de la Coordinaci\u00f3n de Atenci\u00f3n de Asuntos de Personas Desaparecidas, localiz\u00f3 en la ciudad de L\u00e1zaro C\u00e1rdenas a dos menores de edad que estaban reportados como desaparecidos en el estado de Oaxaca, <\/p>\n","protected":false},"author":1,"featured_media":7713,"comment_status":"open","ping_status":"open","sticky":false,"template":"","format":"standard","meta":{"footnotes":""},"categories":[14,3],"tags":[],"class_list":["post-7712","post","type-post","status-publish","format-standard","has-post-thumbnail","hentry","category-destacadas","category-gobierno-del-estado-de-michoacan"],"_links":{"self":[{"href":"https:\/\/radiowebmx.com\/nota\/wp-json\/wp\/v2\/posts\/7712","targetHints":{"allow":["GET"]}}],"collection":[{"href":"https:\/\/radiowebmx.com\/nota\/wp-json\/wp\/v2\/posts"}],"about":[{"href":"https:\/\/radiowebmx.com\/nota\/wp-json\/wp\/v2\/types\/post"}],"author":[{"embeddable":true,"href":"https:\/\/radiowebmx.com\/nota\/wp-json\/wp\/v2\/users\/1"}],"replies":[{"embeddable":true,"href":"https:\/\/radiowebmx.com\/nota\/wp-json\/wp\/v2\/comments?post=7712"}],"version-history":[{"count":2,"href":"https:\/\/radiowebmx.com\/nota\/wp-json\/wp\/v2\/posts\/7712\/revisions"}],"predecessor-version":[{"id":7715,"href":"https:\/\/radiowebmx.com\/nota\/wp-json\/wp\/v2\/posts\/7712\/revisions\/7715"}],"wp:featuredmedia":[{"embeddable":true,"href":"https:\/\/radiowebmx.com\/nota\/wp-json\/wp\/v2\/media\/7713"}],"wp:attachment":[{"href":"https:\/\/radiowebmx.com\/nota\/wp-json\/wp\/v2\/media?parent=7712"}],"wp:term":[{"taxonomy":"category","embeddable":true,"href":"https:\/\/radiowebmx.com\/nota\/wp-json\/wp\/v2\/categories?post=7712"},{"taxonomy":"post_tag","embeddable":true,"href":"https:\/\/radiowebmx.com\/nota\/wp-json\/wp\/v2\/tags?post=7712"}],"curies":[{"name":"wp","href":"https:\/\/api.w.org\/{rel}","templated":true}]}}