{"id":7708,"date":"2014-06-13T12:21:00","date_gmt":"2014-06-13T17:21:00","guid":{"rendered":"https:\/\/radiowebmx.com\/nota\/?p=7708"},"modified":"2014-06-13T12:21:00","modified_gmt":"2014-06-13T17:21:00","slug":"a-nosotros-que-nos-investiguen-fausto-vallejo-figueroa","status":"publish","type":"post","link":"https:\/\/radiowebmx.com\/nota\/a-nosotros-que-nos-investiguen-fausto-vallejo-figueroa\/","title":{"rendered":"A NOSOTROS QUE NOS INVESTIGUEN: FAUSTO VALLEJO FIGUEROA"},"content":{"rendered":"<p>El gobernador del Estado, Fausto Vallejo Figueroa, manifest\u00f3 en entrevista concedida a CB Televisi\u00f3n, que muchos presidentes municipales y representantes de diferentes sectores, fueron obligados a reunirse con integrantes del crimen organizado e incluso algunos de ellos grabados durante esas reuniones, no obstante asever\u00f3 que las investigaciones al respecto deben realizarse con toda certeza y pulcritud, a fondo y sin distingos.<\/p>\n<p>&#8220;Hay videos en donde desfilaron los principales aguacateros, hasta en autob\u00fas se los llevaban, hay gasolineros, constructores, presidentes municipales, y si est\u00e1n en video, eso no implica que sea una actividad delictiva, hay mucha gente que va a aparecer con toda seguridad conforme se siga avanzando las investigaciones y no por eso son delincuentes\u201d, dijo.<\/p>\n<p>&#8220;Luego se los jalaban grab\u00e1ndolos y dec\u00edan <i>aqu\u00ed estoy con el presidente municipal y estamos hablando de alianzas<\/i>, con ese descaro se mov\u00eda la delincuencia.\u00a0 \u00bfQu\u00e9 tienen que hacer las autoridades cuando vean esto? pues diferenciar qui\u00e9n fue a la fuerza, qui\u00e9n se volvi\u00f3 part\u00edcipe y est\u00e1 en complicidad con ellos, y m\u00e1s que s\u00f3lo el video, es la forma de vida. A quien se acuse de delincuente, que le auditen sus cuentas y su forma de vida&#8221;,\u00a0afirm\u00f3 el gobernador Fausto Vallejo.<\/p>\n<p>El mandatario estatal record\u00f3 que cuando el crimen levantaba a alcaldes y ciudadanos y no se contaba con las condiciones ni fuerza en las instituciones que se recibieron, decidi\u00f3 solicitar el apoyo a la Federaci\u00f3n, no s\u00f3lo para detener esa situaci\u00f3n sino para que se investigara cada caso en particular, &#8220;mi propia familia sufri\u00f3 esa situaci\u00f3n y por eso insisto en que se investiguen a todos, del gobernador y su familia para abajo&#8221;, se\u00f1al\u00f3.<\/p>\n<p>El jefe del Ejecutivo estatal inform\u00f3 que mientras \u00e9l estaba convaleciente del trasplante de h\u00edgado que se le practic\u00f3 el a\u00f1o pasado, uno de sus hijos fue \u201clevantado\u201d. Agreg\u00f3 que inclusive, su familia ha recibido amenazas de muerte por parte de delincuentes. &#8220;Cuando yo fui operado, mi hijo desafortunadamente fue levantado. Mis hijos Fausto, Rodrigo y yo mismo hemos recibido cantidad de amenazas&#8221;, afirm\u00f3 el mandatario estatal, sin embargo insisti\u00f3,\u00a0&#8220;a nosotros que nos investiguen. En el caso de mi familia que vean c\u00f3mo hemos vivido, he sido cuatro veces alcalde de Morelia y no tengo ninguna fortuna&#8221;.<\/p>\n<p align=\"center\">\n","protected":false},"excerpt":{"rendered":"<p>El gobernador del Estado, Fausto Vallejo Figueroa, manifest\u00f3 en entrevista concedida a CB Televisi\u00f3n, que muchos presidentes municipales y representantes de diferentes sectores,<\/p>\n","protected":false},"author":1,"featured_media":0,"comment_status":"open","ping_status":"open","sticky":false,"template":"","format":"standard","meta":{"footnotes":""},"categories":[3],"tags":[],"class_list":["post-7708","post","type-post","status-publish","format-standard","hentry","category-gobierno-del-estado-de-michoacan"],"_links":{"self":[{"href":"https:\/\/radiowebmx.com\/nota\/wp-json\/wp\/v2\/posts\/7708","targetHints":{"allow":["GET"]}}],"collection":[{"href":"https:\/\/radiowebmx.com\/nota\/wp-json\/wp\/v2\/posts"}],"about":[{"href":"https:\/\/radiowebmx.com\/nota\/wp-json\/wp\/v2\/types\/post"}],"author":[{"embeddable":true,"href":"https:\/\/radiowebmx.com\/nota\/wp-json\/wp\/v2\/users\/1"}],"replies":[{"embeddable":true,"href":"https:\/\/radiowebmx.com\/nota\/wp-json\/wp\/v2\/comments?post=7708"}],"version-history":[{"count":1,"href":"https:\/\/radiowebmx.com\/nota\/wp-json\/wp\/v2\/posts\/7708\/revisions"}],"predecessor-version":[{"id":7709,"href":"https:\/\/radiowebmx.com\/nota\/wp-json\/wp\/v2\/posts\/7708\/revisions\/7709"}],"wp:attachment":[{"href":"https:\/\/radiowebmx.com\/nota\/wp-json\/wp\/v2\/media?parent=7708"}],"wp:term":[{"taxonomy":"category","embeddable":true,"href":"https:\/\/radiowebmx.com\/nota\/wp-json\/wp\/v2\/categories?post=7708"},{"taxonomy":"post_tag","embeddable":true,"href":"https:\/\/radiowebmx.com\/nota\/wp-json\/wp\/v2\/tags?post=7708"}],"curies":[{"name":"wp","href":"https:\/\/api.w.org\/{rel}","templated":true}]}}