{"id":7704,"date":"2014-06-13T12:18:33","date_gmt":"2014-06-13T17:18:33","guid":{"rendered":"https:\/\/radiowebmx.com\/nota\/?p=7704"},"modified":"2014-06-13T12:18:33","modified_gmt":"2014-06-13T17:18:33","slug":"ofrecen-posibilidades-de-empleo-a-jovenes-de-la-region-lacustre","status":"publish","type":"post","link":"https:\/\/radiowebmx.com\/nota\/ofrecen-posibilidades-de-empleo-a-jovenes-de-la-region-lacustre\/","title":{"rendered":"OFRECEN POSIBILIDADES DE EMPLEO A J\u00d3VENES DE LA REGI\u00d3N LACUSTRE"},"content":{"rendered":"<p><a href=\"https:\/\/radiowebmx.com\/nota\/wp-content\/uploads\/2014\/06\/SEJOVEN-1.jpg\"><img loading=\"lazy\" decoding=\"async\" class=\"alignleft size-full wp-image-7705\" alt=\"SEJOVEN (1)\" src=\"https:\/\/radiowebmx.com\/nota\/wp-content\/uploads\/2014\/06\/SEJOVEN-1.jpg\" width=\"591\" height=\"268\" srcset=\"https:\/\/radiowebmx.com\/nota\/wp-content\/uploads\/2014\/06\/SEJOVEN-1.jpg 591w, https:\/\/radiowebmx.com\/nota\/wp-content\/uploads\/2014\/06\/SEJOVEN-1-300x136.jpg 300w\" sizes=\"auto, (max-width: 591px) 100vw, 591px\" \/><\/a>Instituciones educativas y representantes de la Iniciativa Privada de la Regi\u00f3n Lacustre del estado, firmaron un convenio de colaboraci\u00f3n con la Comisi\u00f3n Ejecutiva del Servicio Social de Pasantes del Gobierno de Estado, para suscribirse como \u00e1reas receptoras de los j\u00f3venes prestadores de servicio social y a su vez, acercar a los estudiantes experiencia laboral.<\/p>\n<p>&nbsp;<\/p>\n<p>\u201cEn Michoac\u00e1n son m\u00e1s los j\u00f3venes que se dedican a cosas positivas\u201d, destac\u00f3 Francisco Xavier Lara Medina, secretario de los J\u00f3venes y encargado de la Comisi\u00f3n Ejecutiva del Servicio Social de Pasantes, durante la signa del acuerdo en que tambi\u00e9n lanz\u00f3 un llamado a los j\u00f3venes a compartir a trav\u00e9s de sus redes sociales y de la convivencia misma con sus familias y amigos, de estas acciones \u201cque entre todos los actores de la sociedad realizamos para reconstruir la imagen de Michoac\u00e1n\u201d.<\/p>\n<p>&nbsp;<\/p>\n<p>Record\u00f3 que el Servicio Social es un tr\u00e1mite obligatorio por la ley y voluntario por vocaci\u00f3n, pero sobre todo es la oportunidad de aprender y adquirir experiencia en el campo laboral, de aplicar lo que en el aula se aprendi\u00f3 y de rendir frutos como esa generaci\u00f3n del cambio y due\u00f1a del futuro.<\/p>\n<p>&nbsp;<\/p>\n<p>Por su parte, Dagoberto Mej\u00eda Valdez, presidente municipal de Zinap\u00e9cuaro, destac\u00f3 la importancia del Servicio Social en la formaci\u00f3n acad\u00e9mica de los j\u00f3venes, quienes llegan a solicitar trabajo sin una experiencia que respalde sus conocimientos, &#8220;por lo que para muchos de ustedes, el Servicio Social es su primer acercamiento con el mundo laboral&#8221;.<\/p>\n<p>&nbsp;<\/p>\n<p>El edil record\u00f3 c\u00f3mo su Servicio Social lo incrust\u00f3 \u201cde a poco\u201d en la docencia, y lo que inici\u00f3 como una obligaci\u00f3n, termin\u00f3 por ser un estilo de vida, en el cual obtuvo logros profesionales y personales.<\/p>\n<p>&nbsp;<\/p>\n<p>A nombre de la Iniciativa Privada, Ezequiel Virrueta, administrador del Reino de Atzimba, reiter\u00f3 su compromiso para continuar apoyando al Gobierno del Estado en la formaci\u00f3n de profesionistas capaces y con el perfil adecuado para las necesidades de los sectores productivos de la regi\u00f3n.<\/p>\n<p>&nbsp;<\/p>\n<p>Pidi\u00f3 a los involucrados en este convenio darle continuidad a estas pol\u00edticas y sacar el provecho en ambos sentidos, \u201cpues de esta manera las instituciones educativas podr\u00e1n cubrir a cabalidad con nuestras necesidades como sector productivo. Ahora s\u00ed tenemos la certeza que si necesitamos un administrador, nos llegar\u00e1 un administrador\u201d, reiter\u00f3.<\/p>\n<p>&nbsp;<\/p>\n<p>&nbsp;<\/p>\n<p>Al evento tambi\u00e9n acudieron representantes de los municipios de Cop\u00e1ndaro, \u00c1lvaro Obreg\u00f3n, Santa Ana Maya, Tar\u00edmbaro, Charo y Cuitzeo; as\u00ed como del Colegio de Bachilleres, CBTA 235, CBTIS 182, Colegio de Estudios Cient\u00edficos y Tecnol\u00f3gicos de \u00a0\u00c1lvaro Obreg\u00f3n, CBTA 234, el Telebachillerato 188 Huaj\u00fambaro, entre otros<\/p>\n","protected":false},"excerpt":{"rendered":"<p>Instituciones educativas y representantes de la Iniciativa Privada de la Regi\u00f3n Lacustre del estado, firmaron un convenio de colaboraci\u00f3n con la Comisi\u00f3n Ejecutiva del Servicio Social de Pasantes del Gobierno de Estado, para suscribirse como \u00e1reas receptoras de los j\u00f3venes <\/p>\n","protected":false},"author":1,"featured_media":7705,"comment_status":"open","ping_status":"open","sticky":false,"template":"","format":"standard","meta":{"footnotes":""},"categories":[14,3],"tags":[],"class_list":["post-7704","post","type-post","status-publish","format-standard","has-post-thumbnail","hentry","category-destacadas","category-gobierno-del-estado-de-michoacan"],"_links":{"self":[{"href":"https:\/\/radiowebmx.com\/nota\/wp-json\/wp\/v2\/posts\/7704","targetHints":{"allow":["GET"]}}],"collection":[{"href":"https:\/\/radiowebmx.com\/nota\/wp-json\/wp\/v2\/posts"}],"about":[{"href":"https:\/\/radiowebmx.com\/nota\/wp-json\/wp\/v2\/types\/post"}],"author":[{"embeddable":true,"href":"https:\/\/radiowebmx.com\/nota\/wp-json\/wp\/v2\/users\/1"}],"replies":[{"embeddable":true,"href":"https:\/\/radiowebmx.com\/nota\/wp-json\/wp\/v2\/comments?post=7704"}],"version-history":[{"count":2,"href":"https:\/\/radiowebmx.com\/nota\/wp-json\/wp\/v2\/posts\/7704\/revisions"}],"predecessor-version":[{"id":7707,"href":"https:\/\/radiowebmx.com\/nota\/wp-json\/wp\/v2\/posts\/7704\/revisions\/7707"}],"wp:featuredmedia":[{"embeddable":true,"href":"https:\/\/radiowebmx.com\/nota\/wp-json\/wp\/v2\/media\/7705"}],"wp:attachment":[{"href":"https:\/\/radiowebmx.com\/nota\/wp-json\/wp\/v2\/media?parent=7704"}],"wp:term":[{"taxonomy":"category","embeddable":true,"href":"https:\/\/radiowebmx.com\/nota\/wp-json\/wp\/v2\/categories?post=7704"},{"taxonomy":"post_tag","embeddable":true,"href":"https:\/\/radiowebmx.com\/nota\/wp-json\/wp\/v2\/tags?post=7704"}],"curies":[{"name":"wp","href":"https:\/\/api.w.org\/{rel}","templated":true}]}}