{"id":770,"date":"2012-12-04T13:06:47","date_gmt":"2012-12-04T19:06:47","guid":{"rendered":"https:\/\/radiowebmx.com\/nota\/?p=770"},"modified":"2013-01-07T13:13:11","modified_gmt":"2013-01-07T19:13:11","slug":"recibe-personal-de-la-pgje-actualizacion-en-derechos-humanos-y-atencion-a-victimas-del-delito","status":"publish","type":"post","link":"https:\/\/radiowebmx.com\/nota\/recibe-personal-de-la-pgje-actualizacion-en-derechos-humanos-y-atencion-a-victimas-del-delito\/","title":{"rendered":"RECIBE PERSONAL DE LA PGJE ACTUALIZACI\u00d3N EN DERECHOS HUMANOS Y ATENCI\u00d3N A V\u00cdCTIMAS DEL DELITO"},"content":{"rendered":"<p><img loading=\"lazy\" decoding=\"async\" class=\"alignnone\" src=\"http:\/\/img40.imageshack.us\/img40\/1508\/img2252o.jpg\" alt=\"\" width=\"591\" height=\"339\" \/>Con el objetivo de que los agentes del Ministerio P\u00fablico, investigadores y adscritos a \u00f3rganos jurisdiccionales, as\u00ed como los servidores p\u00fablicos de la Procuradur\u00eda General de Justicia de Michoac\u00e1n (PGJE), actualicen sus conocimientos en temas relevantes sobre los Derechos Humanos y su vinculaci\u00f3n con el ejercicio diario, funcionarios de primer nivel de la dependencia estatal, as\u00ed como otros especialistas en la materia, imparten el ciclo de conferencias \u201cLos Derechos Humanos y la Procuraci\u00f3n de Justicia\u201d, que inici\u00f3 el pasado primero de diciembre.<\/p>\n<p>Las charlas se han encabezado por el subprocurador regional de Morelia, Marco Vinicio Aguilera Garibay, qui\u00e9n habl\u00f3 ante agentes del\u00a0 Ministerio P\u00fablico, polic\u00edas ministeriales, peritos y personal administrativo sobre \u201cEl Nuevo Marco Constitucional de los Derechos Humanos en M\u00e9xico y el Nuevo Sistema de Justicia Penal\u201d.<\/p>\n<p>Por su parte, Carlos Guti\u00e9rrez Fern\u00e1ndez, director Jur\u00eddico Consultivo, explic\u00f3 \u201cEl enfoque de g\u00e9nero en la Procuraci\u00f3n de justicia\u201d, en el cual se abord\u00f3 el an\u00e1lisis de la jurisprudencia de la Corte Interamericana que deriva de las sentencias, en donde el Estado mexicano no figura como parte, pero en el que s\u00ed tendr\u00e1 el car\u00e1cter de criterio orientador de todas las decisiones de los jueces.<\/p>\n<p>Otro de los principales objetivos de este ciclo de conferencias, es promover de manera fehaciente entre el personal de la Procuradur\u00eda General de Justicia de Michoac\u00e1n (PGJE), el respeto a los Derechos Humanos y propiciar que se apliquen de forma adecuada.<\/p>\n<p>En ese sentido, el doctor en Derecho, Francisco Granados Gonz\u00e1lez y la maestra Ivonne Parache Reyes, tambi\u00e9n especialistas en la materia y funcionarios de la Comisi\u00f3n Nacional de los Derechos Humanos (CNDH), impartieron un taller denominado \u201cRed Nacional de Atenci\u00f3n a V\u00edctimas del Delito\u201d, promovido por este organismo en todas las entidades de la Rep\u00fablica Mexicana.<\/p>\n<p>Estas pl\u00e1ticas continuar\u00e1n hasta este mi\u00e9rcoles 05 de diciembre y son transmitidas simult\u00e1neamente a trav\u00e9s de videoconferencia al resto del personal adscrito a las subprocuradur\u00edas regionales de Zamora, Uruapan y Zit\u00e1cuaro, a fin de extender la capacitaci\u00f3n al interior del territorio michoacano para una mejor funcionalidad de la instituci\u00f3n.<\/p>\n<p>Con ello, la Procuradur\u00eda General de Justicia, a trav\u00e9s de su titular, Pl\u00e1cido Torres Pineda, reafirma el compromiso del gobernador Fausto Vallejo Figueroa, de realizar acciones, siempre, en bien de la ciudadan\u00eda.<\/p>\n<p>&nbsp;<\/p>\n","protected":false},"excerpt":{"rendered":"<p>Con el objetivo de que los agentes del Ministerio P\u00fablico, investigadores y adscritos a \u00f3rganos jurisdiccionales, as\u00ed como los servidores p\u00fablicos de la Procuradur\u00eda General de Justicia de Michoac\u00e1n (PGJE), actualicen sus conocimientos en temas relevantes sobre los Derechos Humanos y su vinculaci\u00f3n con el ejercicio diario, funcionarios de primer nivel de la dependencia estatal, as\u00ed como otros especialistas en la materia, imparten el ciclo de conferencias \u201cLos Derechos Humanos y la Procuraci\u00f3n de Justicia\u201d, que inici\u00f3 el pasado primero de diciembre.<\/p>\n","protected":false},"author":1,"featured_media":0,"comment_status":"open","ping_status":"open","sticky":false,"template":"","format":"standard","meta":{"footnotes":""},"categories":[3],"tags":[],"class_list":["post-770","post","type-post","status-publish","format-standard","hentry","category-gobierno-del-estado-de-michoacan"],"_links":{"self":[{"href":"https:\/\/radiowebmx.com\/nota\/wp-json\/wp\/v2\/posts\/770","targetHints":{"allow":["GET"]}}],"collection":[{"href":"https:\/\/radiowebmx.com\/nota\/wp-json\/wp\/v2\/posts"}],"about":[{"href":"https:\/\/radiowebmx.com\/nota\/wp-json\/wp\/v2\/types\/post"}],"author":[{"embeddable":true,"href":"https:\/\/radiowebmx.com\/nota\/wp-json\/wp\/v2\/users\/1"}],"replies":[{"embeddable":true,"href":"https:\/\/radiowebmx.com\/nota\/wp-json\/wp\/v2\/comments?post=770"}],"version-history":[{"count":2,"href":"https:\/\/radiowebmx.com\/nota\/wp-json\/wp\/v2\/posts\/770\/revisions"}],"predecessor-version":[{"id":773,"href":"https:\/\/radiowebmx.com\/nota\/wp-json\/wp\/v2\/posts\/770\/revisions\/773"}],"wp:attachment":[{"href":"https:\/\/radiowebmx.com\/nota\/wp-json\/wp\/v2\/media?parent=770"}],"wp:term":[{"taxonomy":"category","embeddable":true,"href":"https:\/\/radiowebmx.com\/nota\/wp-json\/wp\/v2\/categories?post=770"},{"taxonomy":"post_tag","embeddable":true,"href":"https:\/\/radiowebmx.com\/nota\/wp-json\/wp\/v2\/tags?post=770"}],"curies":[{"name":"wp","href":"https:\/\/api.w.org\/{rel}","templated":true}]}}