{"id":766,"date":"2012-12-03T13:02:47","date_gmt":"2012-12-03T19:02:47","guid":{"rendered":"https:\/\/radiowebmx.com\/nota\/?p=766"},"modified":"2013-01-07T13:06:02","modified_gmt":"2013-01-07T19:06:02","slug":"preside-gobernador-fausto-vallejo-acto-de-izamiento-de-la-bandera-nacional","status":"publish","type":"post","link":"https:\/\/radiowebmx.com\/nota\/preside-gobernador-fausto-vallejo-acto-de-izamiento-de-la-bandera-nacional\/","title":{"rendered":"PRESIDE GOBERNADOR FAUSTO VALLEJO ACTO DE IZAMIENTO DE LA BANDERA NACIONAL"},"content":{"rendered":"<p><img loading=\"lazy\" decoding=\"async\" class=\"alignnone\" src=\"http:\/\/img268.imageshack.us\/img268\/6652\/dsc3575.jpg\" alt=\"\" width=\"591\" height=\"270\" \/>El Poder Ejecutivo\u00a0 encabezado por el gobernador Fausto Vallejo Figueroa, llev\u00f3 a cabo la ceremonia de izamiento de nuestro L\u00e1baro Patrio en el que participaron los integrantes del gabinete legal y ampliado, personal de Casa de Gobierno y cuerpo de ayudant\u00eda, as\u00ed como maestros y alumnos de la Escuela Secundaria Federal n\u00famero 2.<\/p>\n<p>En este acto que forma parte de los primeros lunes de cada mes dedicados al civismo, se record\u00f3 el 197 aniversario luctuoso de Don Jos\u00e9 Mar\u00eda Morelos y Pav\u00f3n a conmemorarse el pr\u00f3ximo 22 de diciembre, donde se reafirm\u00f3 el respeto a los h\u00e9roes de M\u00e9xico, a los s\u00edmbolos patrios, y en que tambi\u00e9n participaron la escolta y la banda de guerra de la XXI Zona Militar.<\/p>\n<p>Una vez que se rindieron los honores y se realiz\u00f3 el juramento a nuestra Ense\u00f1a Nacional,\u00a0 durante su intervenci\u00f3n Rafael D\u00edaz Rodr\u00edguez, secretario de Salud de la entidad, mencion\u00f3 que m\u00e1s all\u00e1 de afiliaciones partidistas y de creencias religiosas, la Patria ser\u00e1 Patria si cotidianamente la construimos como h\u00e1bitat y en ese af\u00e1n nos esforzamos para que nuestra vida sea interesante, creativa y sobre todo sana.<\/p>\n<p>\u201cLa\u00a0 Patria y la salud son tema presente en la historia de M\u00e9xico, especialmente en el M\u00e9xico Independiente, ya en los sentimientos de la Naci\u00f3n, Morelos lo enuncia previendo que toda buena ley obligue a constancia y patriotismo, modere la opulencia y la indigencia\u201d, extern\u00f3.<\/p>\n<p>Por ser la salud un factor fundamental de equidad y justicia, refiri\u00f3, est\u00e1 presente en el Constituyente de Apatzing\u00e1n, evento que recoge el pensamiento ilustrado de la Revoluci\u00f3n Francesa plasmado en la declaraci\u00f3n de los derechos del hombre y del ciudadano en 1789.<\/p>\n<p>D\u00edaz Rodr\u00edguez manifest\u00f3 la necesidad de que los ciudadanos se hagan responsables de vivir saludablemente porque s\u00f3lo de esa manera podr\u00e1n ser verdaderamente \u00fatiles a la Patria.<\/p>\n<p>\u201cLa Patria es nuestra historia pero sobre todo el futuro, hoy somos responsables de lo que ser\u00e1n las pr\u00f3ximas generaciones, tenemos que garantizarles una Patria m\u00e1s limpia en sus mares, en sus r\u00edos, en sus lagos, una Patria que aproveche mejor su tierra de cultivo, fomente el uso de energ\u00edas menos contaminantes y promueva un respeto por la naturaleza\u201d, finaliz\u00f3 el titular de la SSM.<\/p>\n","protected":false},"excerpt":{"rendered":"<p>El Poder Ejecutivo  encabezado por el gobernador Fausto Vallejo Figueroa, llev\u00f3 a cabo la ceremonia de izamiento de nuestro L\u00e1baro Patrio en el que participaron los integrantes del gabinete legal y ampliado, personal de Casa de Gobierno y cuerpo de ayudant\u00eda, as\u00ed como maestros y alumnos de la Escuela Secundaria Federal n\u00famero 2.<\/p>\n","protected":false},"author":1,"featured_media":0,"comment_status":"open","ping_status":"open","sticky":false,"template":"","format":"standard","meta":{"footnotes":""},"categories":[3],"tags":[],"class_list":["post-766","post","type-post","status-publish","format-standard","hentry","category-gobierno-del-estado-de-michoacan"],"_links":{"self":[{"href":"https:\/\/radiowebmx.com\/nota\/wp-json\/wp\/v2\/posts\/766","targetHints":{"allow":["GET"]}}],"collection":[{"href":"https:\/\/radiowebmx.com\/nota\/wp-json\/wp\/v2\/posts"}],"about":[{"href":"https:\/\/radiowebmx.com\/nota\/wp-json\/wp\/v2\/types\/post"}],"author":[{"embeddable":true,"href":"https:\/\/radiowebmx.com\/nota\/wp-json\/wp\/v2\/users\/1"}],"replies":[{"embeddable":true,"href":"https:\/\/radiowebmx.com\/nota\/wp-json\/wp\/v2\/comments?post=766"}],"version-history":[{"count":3,"href":"https:\/\/radiowebmx.com\/nota\/wp-json\/wp\/v2\/posts\/766\/revisions"}],"predecessor-version":[{"id":768,"href":"https:\/\/radiowebmx.com\/nota\/wp-json\/wp\/v2\/posts\/766\/revisions\/768"}],"wp:attachment":[{"href":"https:\/\/radiowebmx.com\/nota\/wp-json\/wp\/v2\/media?parent=766"}],"wp:term":[{"taxonomy":"category","embeddable":true,"href":"https:\/\/radiowebmx.com\/nota\/wp-json\/wp\/v2\/categories?post=766"},{"taxonomy":"post_tag","embeddable":true,"href":"https:\/\/radiowebmx.com\/nota\/wp-json\/wp\/v2\/tags?post=766"}],"curies":[{"name":"wp","href":"https:\/\/api.w.org\/{rel}","templated":true}]}}