{"id":7627,"date":"2014-06-11T13:16:31","date_gmt":"2014-06-11T18:16:31","guid":{"rendered":"https:\/\/radiowebmx.com\/nota\/?p=7627"},"modified":"2014-06-11T13:16:31","modified_gmt":"2014-06-11T18:16:31","slug":"lo-que-el-gobernador-ha-exhortado-es-a-que-todos-abonemos-a-recomponer-no-solo-el-tejido-social","status":"publish","type":"post","link":"https:\/\/radiowebmx.com\/nota\/lo-que-el-gobernador-ha-exhortado-es-a-que-todos-abonemos-a-recomponer-no-solo-el-tejido-social\/","title":{"rendered":"LO QUE EL GOBERNADOR HA EXHORTADO ES A QUE TODOS ABONEMOS A RECOMPONER NO S\u00d3LO EL TEJIDO SOCIAL"},"content":{"rendered":"<p>Respecto a los se\u00f1alamientos del l\u00edder estatal del PAN, Miguel \u00c1ngel Ch\u00e1vez Zavala, quien hizo un llamado al Gobierno Federal y a la Procuradur\u00eda General de Justicia del Estado de Michoac\u00e1n para que hagan una investigaci\u00f3n profunda sobre el caso de las personas que pudieran haber sido levantadas y reunidas contra su voluntad con integrantes de la delincuencia organizada, esta tarde, en entrevista telef\u00f3nica con un noticiero local, Marco Vinicio Aguilera Garibay, secretario de Gobierno de Michoac\u00e1n, a pregunta expresa precis\u00f3 que el gobernador Fausto Vallejo Figueroa ha venido se\u00f1alando en reiteradas ocasiones que cualquier persona deber\u00e1 afrontar, en su caso, las responsabilidades que se le puedan imputar, pero siempre priorizando el respeto a todos los derechos fundamentales y sustancialmente a las garant\u00edas de legalidad y seguridad jur\u00eddica, nunca prejuzgando y siempre con estricto soporte de la presunci\u00f3n de inocencia.<\/p>\n<p>Aguilera Garibay enfatiz\u00f3 que el Gobierno del Estado siempre ha priorizado a que sean las autoridades jurisdiccionales las que puedan determinar, en atribuci\u00f3n de sus facultades, las responsabilidades que una vez que se lleven los procesos legales correspondientes, sean debidamente acreditadas y en ese sentido que se impongan las sanciones correspondientes.<\/p>\n<p>Lo que el gobernador ha exhortado, se\u00f1al\u00f3 el secretario de Gobierno, es a que todos abonemos a recomponer no s\u00f3lo el tejido social, sino tambi\u00e9n el pol\u00edtico del Estado, pues no es con imputaciones infundadas, sino dejando a que sean las autoridades en el \u00e1mbito de sus respectivas competencias, las que deslinden y diluciden posibles responsabilidades, como se debe actuar.<\/p>\n<p>Precis\u00f3 que de estos hechos, no es de conocimiento de la Secretar\u00eda de Gobierno del Estado, ning\u00fan se\u00f1alamiento que haya hecho ninguna autoridad de procuraci\u00f3n de justicia por lo que hacer imputaciones, sin que existan fundamentos ante las instancias legales y que sean debidamente valorados y en este caso sustentados y soportados, es caer en acusaciones medi\u00e1ticas infundadas.<\/p>\n<p>No obstante, respecto a los se\u00f1alamientos del l\u00edder panista manifest\u00f3 que en el \u00e1mbito democr\u00e1tico que tenemos en Michoac\u00e1n y conforme al principio de la libertad de expresi\u00f3n, el Gobierno del Estado es respetuoso de los se\u00f1alamientos que se hagan. &#8220;Lo \u00fanico a lo que se ha hecho la convocatoria p\u00fablica a todos los actores sociales y pol\u00edticos de la entidad es a que transitemos a mejores est\u00e1ndares de convivencia en donde dejemos que cada autoridad en el \u00e1mbito de sus competencias sean las que determinen lo conducente, pues cualquier imputaci\u00f3n que exista respecto a cualquier persona, deber\u00e1 corresponder a los \u00e1mbitos de procuraci\u00f3n de justicia y en caso de alcanzar los elementos de prueba en el \u00e1mbito judicial, en donde tengan que dirimirse los se\u00f1alamientos&#8221;, dijo el secretario de Gobierno.<\/p>\n<p>Finalmente, respecto a los se\u00f1alamientos y denostaciones personales del l\u00edder panista al gobernador del Estado, Marco Vinicio Aguilera se pronunci\u00f3 por la tolerancia a los comentarios y se\u00f1alamientos, pero exhort\u00f3 a que estos sean en \u00e1mbito del respeto y de conformidad con &#8220;la calidad humana de quien los haga&#8221;.<\/p>\n","protected":false},"excerpt":{"rendered":"<p>Respecto a los se\u00f1alamientos del l\u00edder estatal del PAN, Miguel \u00c1ngel Ch\u00e1vez Zavala, quien hizo un llamado al Gobierno Federal y a la Procuradur\u00eda General de Justicia del Estado de Michoac\u00e1n<\/p>\n","protected":false},"author":1,"featured_media":0,"comment_status":"open","ping_status":"open","sticky":false,"template":"","format":"standard","meta":{"footnotes":""},"categories":[3],"tags":[],"class_list":["post-7627","post","type-post","status-publish","format-standard","hentry","category-gobierno-del-estado-de-michoacan"],"_links":{"self":[{"href":"https:\/\/radiowebmx.com\/nota\/wp-json\/wp\/v2\/posts\/7627","targetHints":{"allow":["GET"]}}],"collection":[{"href":"https:\/\/radiowebmx.com\/nota\/wp-json\/wp\/v2\/posts"}],"about":[{"href":"https:\/\/radiowebmx.com\/nota\/wp-json\/wp\/v2\/types\/post"}],"author":[{"embeddable":true,"href":"https:\/\/radiowebmx.com\/nota\/wp-json\/wp\/v2\/users\/1"}],"replies":[{"embeddable":true,"href":"https:\/\/radiowebmx.com\/nota\/wp-json\/wp\/v2\/comments?post=7627"}],"version-history":[{"count":2,"href":"https:\/\/radiowebmx.com\/nota\/wp-json\/wp\/v2\/posts\/7627\/revisions"}],"predecessor-version":[{"id":7629,"href":"https:\/\/radiowebmx.com\/nota\/wp-json\/wp\/v2\/posts\/7627\/revisions\/7629"}],"wp:attachment":[{"href":"https:\/\/radiowebmx.com\/nota\/wp-json\/wp\/v2\/media?parent=7627"}],"wp:term":[{"taxonomy":"category","embeddable":true,"href":"https:\/\/radiowebmx.com\/nota\/wp-json\/wp\/v2\/categories?post=7627"},{"taxonomy":"post_tag","embeddable":true,"href":"https:\/\/radiowebmx.com\/nota\/wp-json\/wp\/v2\/tags?post=7627"}],"curies":[{"name":"wp","href":"https:\/\/api.w.org\/{rel}","templated":true}]}}