{"id":762,"date":"2012-12-29T12:52:39","date_gmt":"2012-12-29T18:52:39","guid":{"rendered":"https:\/\/radiowebmx.com\/nota\/?p=762"},"modified":"2013-01-07T12:58:29","modified_gmt":"2013-01-07T18:58:29","slug":"se-redujo-al-50-por-ciento-la-propuesta-de-aumento-tarifario","status":"publish","type":"post","link":"https:\/\/radiowebmx.com\/nota\/se-redujo-al-50-por-ciento-la-propuesta-de-aumento-tarifario\/","title":{"rendered":"SE REDUJO AL 50 POR CIENTO LA PROPUESTA DE AUMENTO TARIFARIO"},"content":{"rendered":"<p><span style=\"font-size: medium;\"><img loading=\"lazy\" decoding=\"async\" class=\"alignnone\" src=\"http:\/\/img404.imageshack.us\/img404\/4016\/dsc0113qoi.jpg\" alt=\"\" width=\"591\" height=\"290\" \/>Ante la problem\u00e1tica que enfrenta el Organismo Operador de Agua Potable Alcantarillado y Saneamiento de Morelia, (OOAPAS) as\u00ed como el resultado de un esfuerzo t\u00e9cnico de an\u00e1lisis en el marco del Programa Integral de saneamiento financiero y en base a la recuperaci\u00f3n inflacionaria, en sesi\u00f3n ordinaria el\u00a0\u00a0Cabildo capitalino aprob\u00f3 un incremento de 8 por ciento a las tarifas de agua potable para el ejercicio fiscal 2013.<\/span><\/p>\n<p><span style=\"font-size: medium;\">Luego de que la Junta de Gobierno de la paramunicipal propuso que el incremento tarifario fuera del 16 por ciento y el Despacho Especializado \u201cEverecore Partners\u201d sugiri\u00f3 que se aumentar\u00e1 el servicio en un 10 por ciento, por mayor\u00eda de votos el Cabildo consider\u00f3 que fuera solo del 8 por ciento para la recuperaci\u00f3n inflacionaria tomando en consideraci\u00f3n que en este a\u00f1o no hubo aumento y buscando el equilibrio inflacionario.<\/span><\/p>\n<p><span style=\"font-size: medium;\">Respecto a un panorama estatal se puso sobre la mesa que en otros municipios que ya han tomado la decisi\u00f3n de modificar su decreto tarifario para el a\u00f1o que entra y sin que hayan dejado de incrementar en 2012 como en el caso de Morelia que no aument\u00f3 tarifas; en Uruapan se aprob\u00f3 el 7 por ciento; L\u00e1zaro C\u00e1rdenas el 10 por ciento; Zit\u00e1cuaro 7 por ciento;\u00a0\u00a0Sahuayo 7 por ciento y P\u00e1tzcuaro el 9 por ciento lo que significa que la capital se encuentra en la media estatal.<\/span><\/p>\n<p><span style=\"font-size: medium;\">Sobre el caso y frente al Cuerpo Edilicio el Jefe de la Comuna Wilfrido L\u00e1zaro Medina expres\u00f3, que la propuesta autorizada por los integrantes del Cabildo moreliano constituye el resultado de un esfuerzo t\u00e9cnico de an\u00e1lisis en el marco del Programa Integral de saneamiento financiero del Organismo, dado que en el ejercicio fiscal 2012 no se autoriz\u00f3 aumento alguno de tarifas por lo que el deterioro econ\u00f3mico se agrav\u00f3 nulificando la capacidad de inversi\u00f3n del Organismo.<\/span><\/p>\n<p><span style=\"font-size: medium;\">\u00a0<\/span><\/p>\n<p><span style=\"font-size: medium;\">Tambi\u00e9n atiende a razones de \u00edndole econ\u00f3mica, que por s\u00ed, generan un deterioro del poder adquisitivo de la paramunicipal ante los efectos de una inflaci\u00f3n superior al ocho por ciento\u00a0\u00a0en los dos \u00faltimos a\u00f1os, que no es la de la canasta b\u00e1sica, sino de productos con un aumento de precios\u00a0\u00a0m\u00e1s acelerado como son la energ\u00eda el\u00e9ctrica, combustibles y qu\u00edmicos entre otros insumos.\u00a0\u00a0<\/span><\/p>\n<p><span style=\"font-size: medium;\">Incrementar los ingresos del Organismo, usar eficientemente los recursos, conteniendo y disminuyendo los egresos, principalmente en el rubro de servicios personales as\u00ed como el gasto en suministros y materiales, revitalizar el gasto de inversi\u00f3n e incrementar la eficiencia operativa del Organismo en todas sus \u00e1reas, son cuatro l\u00edneas de acci\u00f3n del Programa Integral de Saneamiento Financiero que ataca todos los aspectos generadores de la crisis por la que atraviesa la paramunicipal, se\u00f1al\u00f3 el edil moreliano.<\/span><\/p>\n<p><strong><span style=\"font-size: medium;\">De las medidas:<\/span><\/strong><\/p>\n<p><span style=\"font-size: medium;\">Asimismo L\u00e1zaro Medina anunci\u00f3, que se han iniciado una serie de medidas tendientes a devolver la estabilidad financiera del Organismo\u00a0\u00a0entre las que destacan la puesta en marcha de una intensa campa\u00f1a de recuperaci\u00f3n de cartera vencida, clasific\u00e1ndola, depur\u00e1ndola\u00a0\u00a0y aplicando los medios legales que sean necesarios para un buen resultado.<\/span><\/p>\n<p><span style=\"font-size: medium;\">Cabe se\u00f1alar que la reclasificaci\u00f3n de tarifas continuar\u00e1 protegiendo a quienes menos tienen, y de forma progresiva, el subsidio ser\u00e1 inversamente proporcional al consumo y al nivel socio-econ\u00f3mico es decir que pague m\u00e1s el que m\u00e1s consuma.<\/span><\/p>\n<p><span style=\"font-size: medium;\">Se iniciar\u00e1n pl\u00e1ticas con el Sindicato para la revisi\u00f3n salarial y para que participe en el saneamiento de la fuente de trabajo y entre otros aspectos, se iniciar\u00e1 el procedimiento legal que permita cancelar el pago de Impuesto Sobre la Renta por cuenta de los trabajadores y algunas otras prestaciones particularmente onerosas, en ese sentido y la paramunicipal, ajustar\u00e1 los salarios de su personal directivo y de confianza, homolog\u00e1ndolos al tabulador del Ayuntamiento.<\/span><\/p>\n<p><span style=\"font-size: medium;\">Es un compromiso llevar agua de calidad y accesible a toda la poblaci\u00f3n dijo al establecer que, se llevar\u00e1 a cabo un combate frontal a las tomas clandestinas, mediante acciones de barrido sistem\u00e1tico de toda la ciudad, localizando tambi\u00e9n usos diferentes al contratado.<\/span><\/p>\n<p><span style=\"font-size: medium;\">\u00a0<\/span><\/p>\n<p><span style=\"font-size: medium;\">\u00a0<\/span><\/p>\n<p><span style=\"font-size: medium;\">\u00a0<\/span><\/p>\n<p><span style=\"font-size: medium;\">La instalaci\u00f3n de 8 mil medidores que se destinar\u00e1n en primera instancia a tomas industriales, comerciales y residenciales que ninguna justificaci\u00f3n tienen para pagar cuotas fijas por lo que toda nueva contrataci\u00f3n, sea cual sea su nivel socioe-con\u00f3mico deber\u00e1 contar con servicio medido, de esta forma se recuperar\u00e1n importantes caudales que hoy no se cobran.<\/span><\/p>\n<p><span style=\"font-size: medium;\">Por \u00faltimo L\u00e1zaro Medina afirm\u00f3 que con esta medida y la responsabilidad asumida por la Junta de Gobierno de llevar un estrecho seguimiento del cumplimiento de los programas y metas,\u00a0\u00a0se devolver\u00e1 la salud financiera al Organismo Operador de Agua Potable de Morelia.\u00a0\u00a0\u00a0<\/span><\/p>\n<p><span style=\"font-size: medium;\">La votaci\u00f3n para incrementar solo el 8 por ciento a la tarifa del agua fue de 9 votos a favor, 4 en contra y una abstenci\u00f3n y los Regidores expusieron cada uno sus consideraciones al respecto.<\/span><\/p>\n","protected":false},"excerpt":{"rendered":"<p>Ante la problem\u00e1tica que enfrenta el Organismo Operador de Agua Potable Alcantarillado y Saneamiento de Morelia, (OOAPAS) as\u00ed como el resultado de un esfuerzo t\u00e9cnico de an\u00e1lisis en el marco del Programa Integral de saneamiento financiero y en base a la recuperaci\u00f3n inflacionaria, en sesi\u00f3n ordinaria el  Cabildo capitalino aprob\u00f3 un incremento de 8 por ciento a las tarifas de agua potable para el ejercicio fiscal 2013.<\/p>\n","protected":false},"author":1,"featured_media":0,"comment_status":"open","ping_status":"open","sticky":false,"template":"","format":"standard","meta":{"footnotes":""},"categories":[3],"tags":[],"class_list":["post-762","post","type-post","status-publish","format-standard","hentry","category-gobierno-del-estado-de-michoacan"],"_links":{"self":[{"href":"https:\/\/radiowebmx.com\/nota\/wp-json\/wp\/v2\/posts\/762","targetHints":{"allow":["GET"]}}],"collection":[{"href":"https:\/\/radiowebmx.com\/nota\/wp-json\/wp\/v2\/posts"}],"about":[{"href":"https:\/\/radiowebmx.com\/nota\/wp-json\/wp\/v2\/types\/post"}],"author":[{"embeddable":true,"href":"https:\/\/radiowebmx.com\/nota\/wp-json\/wp\/v2\/users\/1"}],"replies":[{"embeddable":true,"href":"https:\/\/radiowebmx.com\/nota\/wp-json\/wp\/v2\/comments?post=762"}],"version-history":[{"count":3,"href":"https:\/\/radiowebmx.com\/nota\/wp-json\/wp\/v2\/posts\/762\/revisions"}],"predecessor-version":[{"id":764,"href":"https:\/\/radiowebmx.com\/nota\/wp-json\/wp\/v2\/posts\/762\/revisions\/764"}],"wp:attachment":[{"href":"https:\/\/radiowebmx.com\/nota\/wp-json\/wp\/v2\/media?parent=762"}],"wp:term":[{"taxonomy":"category","embeddable":true,"href":"https:\/\/radiowebmx.com\/nota\/wp-json\/wp\/v2\/categories?post=762"},{"taxonomy":"post_tag","embeddable":true,"href":"https:\/\/radiowebmx.com\/nota\/wp-json\/wp\/v2\/tags?post=762"}],"curies":[{"name":"wp","href":"https:\/\/api.w.org\/{rel}","templated":true}]}}