{"id":7616,"date":"2014-06-10T10:54:46","date_gmt":"2014-06-10T15:54:46","guid":{"rendered":"https:\/\/radiowebmx.com\/nota\/?p=7616"},"modified":"2014-06-10T10:54:46","modified_gmt":"2014-06-10T15:54:46","slug":"el-michoacan-que-empieza-a-renacer-debe-continuar-mas-alla-de-este-gobierno-fvf","status":"publish","type":"post","link":"https:\/\/radiowebmx.com\/nota\/el-michoacan-que-empieza-a-renacer-debe-continuar-mas-alla-de-este-gobierno-fvf\/","title":{"rendered":"EL MICHOAC\u00c1N QUE EMPIEZA A RENACER DEBE CONTINUAR M\u00c1S ALL\u00c1 DE ESTE GOBIERNO: FVF"},"content":{"rendered":"<p><a href=\"https:\/\/radiowebmx.com\/nota\/wp-content\/uploads\/2014\/06\/DSC_4337.jpg\"><img loading=\"lazy\" decoding=\"async\" class=\"alignleft size-full wp-image-7617\" alt=\"DSC_4337\" src=\"https:\/\/radiowebmx.com\/nota\/wp-content\/uploads\/2014\/06\/DSC_4337.jpg\" width=\"591\" height=\"287\" srcset=\"https:\/\/radiowebmx.com\/nota\/wp-content\/uploads\/2014\/06\/DSC_4337.jpg 591w, https:\/\/radiowebmx.com\/nota\/wp-content\/uploads\/2014\/06\/DSC_4337-300x145.jpg 300w\" sizes=\"auto, (max-width: 591px) 100vw, 591px\" \/><\/a>El Michoac\u00e1n que empieza a renacer debe continuar en lo que resta de la administraci\u00f3n del presidente Enrique Pe\u00f1a Nieto; debemos de aprovechar este momento, continuemos su obra y entusiasm\u00e9moslo, manifest\u00f3 el gobernador del Estado Fausto Vallejo Figueroa.<\/p>\n<p>Al acompa\u00f1ar al presidente municipal de Morelia, Wilfrido L\u00e1zaro Medina en el arranque de una serie de pavimentaciones en la colonia INDECO Expropiaci\u00f3n Petrolera, el mandatario estatal afirm\u00f3 que si bien a\u00fan falta mucho trabajo por hacer, con el respaldo del Gobierno Federal a esta capital y a la entidad le empieza a ir bien, &#8220;y al final de esta administraci\u00f3n nos va ir muy bien&#8221;.<\/p>\n<p>\u201cVamos a pasar a otra p\u00e1gina, porque no nada m\u00e1s es hablar de violencia, ya pasamos a la confianza, la certidumbre y la recuperaci\u00f3n de espacios p\u00fablicos y eso es extraordinario\u201d, sostuvo.<\/p>\n<p>Tambi\u00e9n, en presencia del comisionado para la Seguridad y el Desarrollo Integral de Michoac\u00e1n, Alfredo Castillo Cervantes, as\u00ed como de los diputados federales Eligio Gonz\u00e1lez Far\u00edas y Ernesto N\u00fa\u00f1ez Aguilar, Fausto Vallejo celebr\u00f3 que el ayuntamiento est\u00e9 dando continuidad a los trabajos de modernizaci\u00f3n de la Unidad Deportiva Morelos INDECO, como el mejoramiento de sus calles perif\u00e9ricas, ya que no s\u00f3lo se favorecen los vecinos y morelianos, sino a los michoacanos en general que en pr\u00f3ximas fechas ser\u00e1n testigos de magnos eventos a realizarse en este espacio.<\/p>\n<pre>Al respecto, el mun\u00edcipe Wilfrido L\u00e1zaro, mencion\u00f3 que la suma de voluntades de los diferentes \u00f3rdenes de gobierno, esos esfuerzos continuados, el que haya comunicaci\u00f3n con los diputados locales y federales, con el gobierno del presidente Pe\u00f1a Nieto, y \u201ccon don Fausto Vallejo al centro de todo este esfuerzo, por supuesto que nos est\u00e1 yendo bien y ahora si como dec\u00eda el gobernador, nos est\u00e1 yendo muy bien\u201d.<\/pre>\n<pre>L\u00e1zaro Medina refiri\u00f3 que con el acompa\u00f1amiento estatal en la gesti\u00f3n y el recurso federal, se construye una alberca ol\u00edmpica en la Unidad Deportiva anclada en esta colonia y con la mejora de las vialidades circunvecinas Manuel \u00c1vila Camacho, Sider\u00fargica Las Truchas y Playa Azul, que suman una inversi\u00f3n de alrededor de 4 millones 800 mil pesos, la capital michoacana se prepara para recibir a los atletas del S\u00e9ptimo Campeonato de Nataci\u00f3n para personas con S\u00edndrome de Down en noviembre; as\u00ed como en pr\u00f3ximos d\u00edas el Campeonato Centroamericano y del Caribe Sub 18 y Sub 20.<\/pre>\n<pre>En ese tenor, el comisionado Alfredo Castillo asegur\u00f3 que la realizaci\u00f3n de ese tipo de eventos de car\u00e1cter nacional e internacional, dan muestra de la confianza no s\u00f3lo en de otras entidades sino de otros pa\u00edses en que\u201d Michoac\u00e1n se est\u00e1 transformando\u201d.<\/pre>\n<pre><b>SAN AGUST\u00cdN TENDR\u00c1 NUEVA IMAGEN <\/b><\/pre>\n<pre>Previo a su encuentro con vecinos y deportistas en INDECO, el gobernador Vallejo Figueroa tambi\u00e9n fue part\u00edcipe del arranque de los trabajos de modernizaci\u00f3n del Mercado y Plaza de San Agust\u00edn, en el coraz\u00f3n de la capital michoacana, mismos que tendr\u00e1n un costo de 12 millones de pesos proveniente de la Federaci\u00f3n a trav\u00e9s del Fondo Nacional para la Cultura y las Artes (FONCA).<\/pre>\n<p>\u201cMe da gusto venir aqu\u00ed y recordar lo que era esto hace 42 a\u00f1os, lo que es ahora y lo que ser\u00e1 ma\u00f1ana\u201d, destac\u00f3 el gobernador luego de que el edil Wilfrido L\u00e1zaro se\u00f1al\u00f3 que fue precisamente hace cuatro d\u00e9cadas cuando Vallejo Figueroa se desempe\u00f1aba como regidor y el ahora secretario de Cultura, Marco Antonio Aguilar Cort\u00e9s, como presidente municipal, que se decidi\u00f3 transformar a este espacio, por lo que ahora merece una renovaci\u00f3n.<\/p>\n<p>L\u00e1zaro Medina, resalt\u00f3 el inter\u00e9s que tanto el presidente, Enrique Pe\u00f1a y el gobernador Fausto Vallejo, as\u00ed como el ayuntamiento tienen con los michoacanos, por ello, este proyecto que hoy inicia beneficiar\u00e1 a los morelianos y a los turistas; al tiempo que destac\u00f3 que la idea es que para fines de a\u00f1o, una vez concluida la obra, se logre que los Festivales de M\u00fasica y de Cine, tengan cenas aqu\u00ed, pues la idea es elevar el nivel para que todo el turismo disfrute de la cocina tradicional en este espacio.<\/p>\n<p>De acuerdo al secretario de Obras P\u00fablicas Municipales, Gustavo Antonio Moriel Armend\u00e1riz, las acciones de modernizaci\u00f3n consisten en la instalaci\u00f3n de un sistema contra incendios, una cisterna, \u00a0nuevos servicios sanitarios, protecci\u00f3n de la arquer\u00eda con toldos y la dotaci\u00f3n de mobiliario nuevo para el \u00e1rea de comedor; sistema de extracci\u00f3n de humo, nuevos pisos y baldosas con adoqu\u00edn de recinto negro; rampas para personas con discapacidad, entre otras acciones.<\/p>\n<p>Acompa\u00f1aron al gobernador en esta gira de arranque de obras, los secretarios de Turismo, Cultura y de los J\u00f3venes, Roberto Monroy Garc\u00eda, Marco Antonio Aguilar Cort\u00e9s y Francisco Xavier Lara Medina, respectivamente; el coordinador de Planeaci\u00f3n, Octavio Aparicio Mendoza; la coordinadora de Comunicaci\u00f3n Social, Guadalupe Santacruz Esquivel, as\u00ed como funcionarios municipales, autoridades auxiliares y los propios oferentes.<\/p>\n<p><b>\u00a0<\/b><\/p>\n","protected":false},"excerpt":{"rendered":"<p>El Michoac\u00e1n que empieza a renacer debe continuar en lo que resta de la administraci\u00f3n del presidente Enrique Pe\u00f1a Nieto; debemos de aprovechar este momento, continuemos su obra y entusiasm\u00e9moslo, manifest\u00f3 el gobernador del Estado Fausto Vallejo Figueroa.<\/p>\n","protected":false},"author":1,"featured_media":7617,"comment_status":"open","ping_status":"open","sticky":false,"template":"","format":"standard","meta":{"footnotes":""},"categories":[14,3],"tags":[],"class_list":["post-7616","post","type-post","status-publish","format-standard","has-post-thumbnail","hentry","category-destacadas","category-gobierno-del-estado-de-michoacan"],"_links":{"self":[{"href":"https:\/\/radiowebmx.com\/nota\/wp-json\/wp\/v2\/posts\/7616","targetHints":{"allow":["GET"]}}],"collection":[{"href":"https:\/\/radiowebmx.com\/nota\/wp-json\/wp\/v2\/posts"}],"about":[{"href":"https:\/\/radiowebmx.com\/nota\/wp-json\/wp\/v2\/types\/post"}],"author":[{"embeddable":true,"href":"https:\/\/radiowebmx.com\/nota\/wp-json\/wp\/v2\/users\/1"}],"replies":[{"embeddable":true,"href":"https:\/\/radiowebmx.com\/nota\/wp-json\/wp\/v2\/comments?post=7616"}],"version-history":[{"count":2,"href":"https:\/\/radiowebmx.com\/nota\/wp-json\/wp\/v2\/posts\/7616\/revisions"}],"predecessor-version":[{"id":7619,"href":"https:\/\/radiowebmx.com\/nota\/wp-json\/wp\/v2\/posts\/7616\/revisions\/7619"}],"wp:featuredmedia":[{"embeddable":true,"href":"https:\/\/radiowebmx.com\/nota\/wp-json\/wp\/v2\/media\/7617"}],"wp:attachment":[{"href":"https:\/\/radiowebmx.com\/nota\/wp-json\/wp\/v2\/media?parent=7616"}],"wp:term":[{"taxonomy":"category","embeddable":true,"href":"https:\/\/radiowebmx.com\/nota\/wp-json\/wp\/v2\/categories?post=7616"},{"taxonomy":"post_tag","embeddable":true,"href":"https:\/\/radiowebmx.com\/nota\/wp-json\/wp\/v2\/tags?post=7616"}],"curies":[{"name":"wp","href":"https:\/\/api.w.org\/{rel}","templated":true}]}}