{"id":7601,"date":"2014-06-10T10:38:35","date_gmt":"2014-06-10T15:38:35","guid":{"rendered":"https:\/\/radiowebmx.com\/nota\/?p=7601"},"modified":"2014-06-10T10:38:35","modified_gmt":"2014-06-10T15:38:35","slug":"anuncia-marcela-figueroa-relevos-en-la-secretaria-de-finanzas-fortalecer-la-institucion-el-objetivo","status":"publish","type":"post","link":"https:\/\/radiowebmx.com\/nota\/anuncia-marcela-figueroa-relevos-en-la-secretaria-de-finanzas-fortalecer-la-institucion-el-objetivo\/","title":{"rendered":"ANUNCIA MARCELA FIGUEROA RELEVOS EN LA SECRETAR\u00cdA DE FINANZAS; FORTALECER LA INSTITUCI\u00d3N, EL OBJETIVO"},"content":{"rendered":"<p>En la tarea de seguir fortaleciendo\u00a0\u00a0 \u00e1reas espec\u00edficas dentro de la estructura operativa de la Secretar\u00eda de Finanzas y Administraci\u00f3n del Gobierno del Estado, el gobernador Fausto Vallejo Figueroa, design\u00f3 a Roc\u00edo Fern\u00e1ndez Sol\u00f3rzano como directora de Seguimiento de la Inversi\u00f3n P\u00fablica Convenida, as\u00ed como a Mario Everardo Ruiz Morell como titular de la Direcci\u00f3n de la Auditoria y Revisi\u00f3n Fiscal.<\/p>\n<p>Marcela Figueroa Aguilar, secretaria de Finanzas y Administraci\u00f3n del Gobierno del Estado, asegur\u00f3 que con los cambios en la dependencia se fortalece a la instituci\u00f3n y se mejoraran los servicios que se brindan a los ciudadanos y municipios.<\/p>\n<p>Hizo menci\u00f3n que la contadora Roc\u00edo Fern\u00e1ndez reforzar\u00e1 los trabajos en la Direcci\u00f3n de Seguimiento de la Inversi\u00f3n P\u00fablica Convenida, quien tiene una amplia trayectoria y experiencia en el servicio p\u00fablico.<\/p>\n<p>De la misma forma, al frente de la Direcci\u00f3n de la Auditoria y Revisi\u00f3n Fiscal, el licenciado Mario Everardo\u00a0 Ruiz continuar\u00e1 realizando una ardua labor. Ambos perfiles vendr\u00e1n a fortalecer la dependencia estatal, ya que cuentan con la experiencia.<\/p>\n<p>Marcela Figueroa refiri\u00f3 que con las designaciones, la administraci\u00f3n estatal refrenda su compromiso de generar mecanismos de calidad y eficiencia dentro de la administraci\u00f3n p\u00fablica, realizando los esfuerzos y trabajos necesarios para garantizar a los michoacanos una instituci\u00f3n fortalecida y eficaz.<\/p>\n<p>Reiter\u00f3 que el compromiso de la administraci\u00f3n estatal es trabajar con eficiencia y transparencia, adem\u00e1s de fortalecer la capacidad de respuesta de los 113 ayuntamientos del Estado, para atender con oportunidad la demanda ciudadana.<\/p>\n<p>&nbsp;<\/p>\n","protected":false},"excerpt":{"rendered":"<p>En la tarea de seguir fortaleciendo   \u00e1reas espec\u00edficas dentro de la estructura operativa de la Secretar\u00eda de Finanzas y Administraci\u00f3n del Gobierno del Estado, el gobernador Fausto Vallejo Figueroa, design\u00f3 a Roc\u00edo Fern\u00e1ndez Sol\u00f3rzano como directora de Seguimiento de la Inversi\u00f3n P\u00fablica Convenida,<\/p>\n","protected":false},"author":1,"featured_media":0,"comment_status":"open","ping_status":"open","sticky":false,"template":"","format":"standard","meta":{"footnotes":""},"categories":[3],"tags":[],"class_list":["post-7601","post","type-post","status-publish","format-standard","hentry","category-gobierno-del-estado-de-michoacan"],"_links":{"self":[{"href":"https:\/\/radiowebmx.com\/nota\/wp-json\/wp\/v2\/posts\/7601","targetHints":{"allow":["GET"]}}],"collection":[{"href":"https:\/\/radiowebmx.com\/nota\/wp-json\/wp\/v2\/posts"}],"about":[{"href":"https:\/\/radiowebmx.com\/nota\/wp-json\/wp\/v2\/types\/post"}],"author":[{"embeddable":true,"href":"https:\/\/radiowebmx.com\/nota\/wp-json\/wp\/v2\/users\/1"}],"replies":[{"embeddable":true,"href":"https:\/\/radiowebmx.com\/nota\/wp-json\/wp\/v2\/comments?post=7601"}],"version-history":[{"count":2,"href":"https:\/\/radiowebmx.com\/nota\/wp-json\/wp\/v2\/posts\/7601\/revisions"}],"predecessor-version":[{"id":7603,"href":"https:\/\/radiowebmx.com\/nota\/wp-json\/wp\/v2\/posts\/7601\/revisions\/7603"}],"wp:attachment":[{"href":"https:\/\/radiowebmx.com\/nota\/wp-json\/wp\/v2\/media?parent=7601"}],"wp:term":[{"taxonomy":"category","embeddable":true,"href":"https:\/\/radiowebmx.com\/nota\/wp-json\/wp\/v2\/categories?post=7601"},{"taxonomy":"post_tag","embeddable":true,"href":"https:\/\/radiowebmx.com\/nota\/wp-json\/wp\/v2\/tags?post=7601"}],"curies":[{"name":"wp","href":"https:\/\/api.w.org\/{rel}","templated":true}]}}