{"id":7580,"date":"2014-06-09T11:05:02","date_gmt":"2014-06-09T16:05:02","guid":{"rendered":"https:\/\/radiowebmx.com\/nota\/?p=7580"},"modified":"2014-06-09T11:05:02","modified_gmt":"2014-06-09T16:05:02","slug":"el-registro-civil-acerca-sus-servicios-a-la-poblacion-en-estado-vulnerable","status":"publish","type":"post","link":"https:\/\/radiowebmx.com\/nota\/el-registro-civil-acerca-sus-servicios-a-la-poblacion-en-estado-vulnerable\/","title":{"rendered":"EL REGISTRO CIVIL ACERCA SUS SERVICIOS A LA POBLACI\u00d3N EN ESTADO VULNERABLE"},"content":{"rendered":"<p>La Direcci\u00f3n del Registro Civil particip\u00f3 en la Jornada Asistencial y M\u00e9dica que se llev\u00f3 a cabo en la colonia El Durazno, de esta ciudad, con la intenci\u00f3n de acercar los servicios que se brindan en dicha instituci\u00f3n a la poblaci\u00f3n m\u00e1s vulnerable, como son el registro de nacimiento y la regularizaci\u00f3n del estado civil para las personas que viven en uni\u00f3n libre.<\/p>\n<p>En estas actividades se trabaj\u00f3 en conjunto con DIF municipal,\u00a0 el H. Ayuntamiento de Morelia, as\u00ed como diversas instituciones del Gobierno del Estado y religiosas, con la finalidad de brindar a la poblaci\u00f3n servicios m\u00e9dicos, asesor\u00eda jur\u00eddica y legal para orientar a la poblaci\u00f3n sobre los requisitos para realizar el tr\u00e1mite de registro y matrimonio.<\/p>\n<p>En su intervenci\u00f3n y a la hacer entrega de las actas de matrimonio y nacimiento a los interesados, el director del Registro Civil, Cuauht\u00e9moc Ram\u00edrez Dur\u00e1n, resalt\u00f3 la importancia de realizar este tr\u00e1mite con la finalidad de poder gozar de todas las prestaciones sociales tales como educaci\u00f3n, servicios m\u00e9dicos, legales, por mencionar algunos.<\/p>\n<p>Record\u00f3 que el objetivo de la direcci\u00f3n a su cargo es registrar de manera universal y oportuna a todos los habitantes de la entidad, para que puedan hacer uso de sus derechos inherentes.<\/p>\n<p>\u201cDe ah\u00ed la participaci\u00f3n en este tipo de jornadas, as\u00ed como la realizaci\u00f3n de diversas campa\u00f1as en el Estado por lo menos dos veces al a\u00f1o, tanto en mayo como noviembre, para que la poblaci\u00f3n se acerque a las diversas oficial\u00edas que se tienen en todo la entidad y tengan acceso tanto a los registros de nacimientos como de matrimonio\u201d, detall\u00f3.<\/p>\n<p>En esta ocasi\u00f3n, se entregaron cuatro actas de matrimonio y tres registros de nacimiento, adem\u00e1s se brind\u00f3 la informaci\u00f3n necesaria a la poblaci\u00f3n sobre requisitos para en lo posterior acudir a alguna oficial\u00eda a realizar este tr\u00e1mite.<\/p>\n<p>Es importante destacar que la Direcci\u00f3n del Registro Civil otorga el registro de nacimiento de manera gratuita.<\/p>\n<p>Cuando el infante es mayor a los seis meses edad, se requiere un certificado negativo de registro, el cual se obtienen al presentar una constancia de origen y vecindad expedida por el Ayuntamiento, jefe de tenencia o encargado del orden; la fe de bautismo o negativo del mismo, acta de nacimiento de los padres y dos testigos con identificaci\u00f3n oficial.<\/p>\n<p>Cuando ni\u00f1o es menor a los seis meses, los documentos requeridos para el registro son certificado de nacimiento, acta de matrimonio de los padres o acta de nacimiento de ambos si no est\u00e1n casados, credencial del IFE y dos testigos.<b><\/b><\/p>\n","protected":false},"excerpt":{"rendered":"<p>La Direcci\u00f3n del Registro Civil particip\u00f3 en la Jornada Asistencial y M\u00e9dica que se llev\u00f3 a cabo en la colonia El Durazno, de esta ciudad, con la intenci\u00f3n de acercar los servicios que se brindan en dicha instituci\u00f3n a la poblaci\u00f3n m\u00e1s vulnerable, <\/p>\n","protected":false},"author":1,"featured_media":0,"comment_status":"open","ping_status":"open","sticky":false,"template":"","format":"standard","meta":{"footnotes":""},"categories":[3],"tags":[],"class_list":["post-7580","post","type-post","status-publish","format-standard","hentry","category-gobierno-del-estado-de-michoacan"],"_links":{"self":[{"href":"https:\/\/radiowebmx.com\/nota\/wp-json\/wp\/v2\/posts\/7580","targetHints":{"allow":["GET"]}}],"collection":[{"href":"https:\/\/radiowebmx.com\/nota\/wp-json\/wp\/v2\/posts"}],"about":[{"href":"https:\/\/radiowebmx.com\/nota\/wp-json\/wp\/v2\/types\/post"}],"author":[{"embeddable":true,"href":"https:\/\/radiowebmx.com\/nota\/wp-json\/wp\/v2\/users\/1"}],"replies":[{"embeddable":true,"href":"https:\/\/radiowebmx.com\/nota\/wp-json\/wp\/v2\/comments?post=7580"}],"version-history":[{"count":2,"href":"https:\/\/radiowebmx.com\/nota\/wp-json\/wp\/v2\/posts\/7580\/revisions"}],"predecessor-version":[{"id":7582,"href":"https:\/\/radiowebmx.com\/nota\/wp-json\/wp\/v2\/posts\/7580\/revisions\/7582"}],"wp:attachment":[{"href":"https:\/\/radiowebmx.com\/nota\/wp-json\/wp\/v2\/media?parent=7580"}],"wp:term":[{"taxonomy":"category","embeddable":true,"href":"https:\/\/radiowebmx.com\/nota\/wp-json\/wp\/v2\/categories?post=7580"},{"taxonomy":"post_tag","embeddable":true,"href":"https:\/\/radiowebmx.com\/nota\/wp-json\/wp\/v2\/tags?post=7580"}],"curies":[{"name":"wp","href":"https:\/\/api.w.org\/{rel}","templated":true}]}}