{"id":758,"date":"2012-12-30T12:50:23","date_gmt":"2012-12-30T18:50:23","guid":{"rendered":"https:\/\/radiowebmx.com\/nota\/?p=758"},"modified":"2013-01-07T12:51:17","modified_gmt":"2013-01-07T18:51:17","slug":"reconoce-fausto-vallejo-labor-legislativa-en-la-aprobacion-por-unanimidad-del-historico-presupuesto-para-2013","status":"publish","type":"post","link":"https:\/\/radiowebmx.com\/nota\/reconoce-fausto-vallejo-labor-legislativa-en-la-aprobacion-por-unanimidad-del-historico-presupuesto-para-2013\/","title":{"rendered":"RECONOCE FAUSTO VALLEJO LABOR LEGISLATIVA EN LA APROBACI\u00d3N POR UNANIMIDAD DEL HIST\u00d3RICO PRESUPUESTO PARA 2013"},"content":{"rendered":"<p>El gobernador de Michoac\u00e1n, Fausto Vallejo Figueroa expres\u00f3 su reconocimiento a los diputados integrantes de la LXXII Legislatura del Estado Libre y Soberano de Michoac\u00e1n de Ocampo al haber aprobado por unanimidad la Ley de Ingresos y el Presupuesto de Egresos para el ejercicio fiscal 2013.<\/p>\n<p>El Presupuesto de Egresos para el pr\u00f3ximo a\u00f1o aprobado por los legisladores michoacanos ser\u00e1 de 56 mil 717 millones 989 mil 597 pesos y responde a la exigencia de la ciudadan\u00eda michoacana quien reclama el uso eficiente de los recursos p\u00fablicos\u00a0 que de manera cotidiana ha hecho la actual administraci\u00f3n.<\/p>\n<p>El Ejecutivo estatal a trav\u00e9s de la Secretar\u00eda de Gobierno\u00a0 y de la Secretar\u00eda de Finanzas y Administraci\u00f3n, trabaj\u00f3 de manera coordinada con los representantes populares, con la finalidad\u00a0 de transparentar y ejercer un presupuesto apegado a la realidad financiera por la que atraviesa Michoac\u00e1n.<\/p>\n<p>Este presupuesto, considerado por el gobernador Vallejo Figueroa como hist\u00f3rico, es un presupuesto s\u00f3lido que surgi\u00f3 del trabajo realizado durante las \u00faltimas semanas, con los integrantes de la LXXII Legislatura de manera coordinada y en el que se atendi\u00f3 con sensibilidad, las observaciones y planteamientos expuestos por los diputados locales.<\/p>\n<p>El secretario de Finanzas y Administraci\u00f3n Luis Miranda Contreras ha se\u00f1alado que las principales caracter\u00edsticas establecidas en el\u00a0 Paquete Fiscal 2013 son:<\/p>\n<p>\u00fc\u00a0 No se establecen nuevos impuestos<\/p>\n<p>\u00fc\u00a0 Cero D\u00e9ficit Fiscal.<\/p>\n<p>\u00fc\u00a0 No se contemplan niveles de endeudamiento adicional.<\/p>\n<p>\u00fc\u00a0 Se propone un ajuste b\u00e1sicamente en el gasto corriente, en el rubro de servicios personales (burocracia) y se privilegia, no obstante la dif\u00edcil situaci\u00f3n financiera del estado, hasta donde \u00e9sta es posible, la inversi\u00f3n p\u00fablica productiva.<\/p>\n<p>\u00fc\u00a0 En relaci\u00f3n a la obra convenida entre el Estado y los municipios, se mantiene en 450 millones de pesos, ya que el Gobernador Fausto Vallejo Figueroa prometi\u00f3 a los municipios duplicarla. Estos recursos se obtendr\u00e1n de la implementaci\u00f3n de un programa permanente de austeridad y disciplina del gasto en el ejercicio Fiscal 2013.<\/p>\n<p>\u00fc\u00a0 Respecto de los programas federales que temporalmente no se contemplan por no existir los recursos estatales de la contraparte, esto no significa que no se vayan a reactivar, sino que sobre las bases reales establecidas en la ley de ingresos y presupuesto de egresos para el ejercicio 2013, se ir\u00e1n reactivando gradualmente acorde con las posibilidades\u00a0 econ\u00f3micas del estado en base a la generaci\u00f3n de ahorros.<\/p>\n<p>El gobierno del estado trabajar\u00e1 bajo un esquema austero e hist\u00f3rico, ya que el Presupuesto de Egresos no contempla nueva deuda, ni impuestos, adem\u00e1s que se continuar\u00e1 con el subsidio de la tenencia vehicular.<\/p>\n<p>Por lo que se refiere a la Ley de Ingresos el gobierno estatal no contempla nuevos impuestos para el pr\u00f3ximo a\u00f1o, ni se tiene previsto el cobro de la tenencia vehicular, es decir, el 100 por ciento ser\u00e1 subsidiado por el gobierno del estado.<\/p>\n<p>En cuanto al Presupuesto 2013, establece cero d\u00e9ficit, es decir, no se va a solventar ning\u00fan gasto con nuevos pr\u00e9stamos por lo que\u00a0 se\u00a0 gastar\u00e1 \u00fanicamente lo que se tenga y est\u00e1 ajustado a la realidad que actualmente vivimos en Michoac\u00e1n.<\/p>\n<p>Simult\u00e1neamente, se tomar\u00e1n las medidas necesarias para estabilizar las finanzas y lograr un equilibrio fiscal, pues no se permitir\u00e1 poner\u00a0 en riesgo\u00a0 a las presentes y\u00a0 futuras generaciones.<\/p>\n","protected":false},"excerpt":{"rendered":"<p>El gobernador de Michoac\u00e1n, Fausto Vallejo Figueroa expres\u00f3 su reconocimiento a los diputados integrantes de la LXXII Legislatura del Estado Libre y Soberano de Michoac\u00e1n de Ocampo al haber aprobado por unanimidad la Ley de Ingresos y el Presupuesto de Egresos para el ejercicio fiscal 2013.<\/p>\n","protected":false},"author":1,"featured_media":0,"comment_status":"open","ping_status":"open","sticky":false,"template":"","format":"standard","meta":{"footnotes":""},"categories":[3],"tags":[],"class_list":["post-758","post","type-post","status-publish","format-standard","hentry","category-gobierno-del-estado-de-michoacan"],"_links":{"self":[{"href":"https:\/\/radiowebmx.com\/nota\/wp-json\/wp\/v2\/posts\/758","targetHints":{"allow":["GET"]}}],"collection":[{"href":"https:\/\/radiowebmx.com\/nota\/wp-json\/wp\/v2\/posts"}],"about":[{"href":"https:\/\/radiowebmx.com\/nota\/wp-json\/wp\/v2\/types\/post"}],"author":[{"embeddable":true,"href":"https:\/\/radiowebmx.com\/nota\/wp-json\/wp\/v2\/users\/1"}],"replies":[{"embeddable":true,"href":"https:\/\/radiowebmx.com\/nota\/wp-json\/wp\/v2\/comments?post=758"}],"version-history":[{"count":3,"href":"https:\/\/radiowebmx.com\/nota\/wp-json\/wp\/v2\/posts\/758\/revisions"}],"predecessor-version":[{"id":761,"href":"https:\/\/radiowebmx.com\/nota\/wp-json\/wp\/v2\/posts\/758\/revisions\/761"}],"wp:attachment":[{"href":"https:\/\/radiowebmx.com\/nota\/wp-json\/wp\/v2\/media?parent=758"}],"wp:term":[{"taxonomy":"category","embeddable":true,"href":"https:\/\/radiowebmx.com\/nota\/wp-json\/wp\/v2\/categories?post=758"},{"taxonomy":"post_tag","embeddable":true,"href":"https:\/\/radiowebmx.com\/nota\/wp-json\/wp\/v2\/tags?post=758"}],"curies":[{"name":"wp","href":"https:\/\/api.w.org\/{rel}","templated":true}]}}