{"id":7564,"date":"2014-06-09T10:47:24","date_gmt":"2014-06-09T15:47:24","guid":{"rendered":"https:\/\/radiowebmx.com\/nota\/?p=7564"},"modified":"2014-06-09T10:47:24","modified_gmt":"2014-06-09T15:47:24","slug":"dif-michoacan-redobla-atencion-a-poblacion-vulnerable-en-lazaro-cardenas","status":"publish","type":"post","link":"https:\/\/radiowebmx.com\/nota\/dif-michoacan-redobla-atencion-a-poblacion-vulnerable-en-lazaro-cardenas\/","title":{"rendered":"DIF MICHOAC\u00c1N REDOBLA ATENCI\u00d3N A POBLACI\u00d3N VULNERABLE EN L\u00c1ZARO C\u00c1RDENAS"},"content":{"rendered":"<p><a href=\"https:\/\/radiowebmx.com\/nota\/wp-content\/uploads\/2014\/06\/DSC9200.jpg\"><img loading=\"lazy\" decoding=\"async\" class=\"alignleft size-full wp-image-7565\" alt=\"_DSC9200\" src=\"https:\/\/radiowebmx.com\/nota\/wp-content\/uploads\/2014\/06\/DSC9200.jpg\" width=\"591\" height=\"347\" srcset=\"https:\/\/radiowebmx.com\/nota\/wp-content\/uploads\/2014\/06\/DSC9200.jpg 591w, https:\/\/radiowebmx.com\/nota\/wp-content\/uploads\/2014\/06\/DSC9200-300x176.jpg 300w\" sizes=\"auto, (max-width: 591px) 100vw, 591px\" \/><\/a>Personal del Sistema para el Desarrollo Integral de la Familia (DIF) Michoac\u00e1n, realiz\u00f3 una gira de trabajo por el municipio de L\u00e1zaro C\u00e1rdenas en donde se supervis\u00f3 el funcionamiento de proyectos productivos y grupos de desarrollo pertenecientes al subprograma Comunidad DIFerente<\/p>\n<p>&nbsp;<\/p>\n<p>La directora del Sistema DIF Michoac\u00e1n, Nelly Sastr\u00e9 Gasca, afirm\u00f3 que el objetivo de la actividad es verificar el funcionamiento de las acciones y los programas que se emprenden, enfocados a impulsar el desarrollo de los grupos vulnerables del municipio.<\/p>\n<p>&nbsp;<\/p>\n<p>En la localidad de Los Coyotes, personal de la Direcci\u00f3n de Atenci\u00f3n a Familias Vulnerable y Enlace Municipal (AFEVEM) a cargo de Monserrat Celis Mart\u00ednez, constat\u00f3 los avances de las actividades dentro de dicho subprograma, que en este caso se trata de medicina alternativa. Monserrat Celis precis\u00f3 que desde el 2012 se han brindado los insumos para que tres grupos puedan desarrollar estas actividades que les permiten obtener ingresos adicionales y fomentan la organizaci\u00f3n comunitaria.<\/p>\n<p>&nbsp;<\/p>\n<p>Celis Mart\u00ednez indic\u00f3 que el DIF Michoac\u00e1n apoya a los grupos de desarrollo con capacitaci\u00f3n y entrega de insumos con un costo aproximado de 16 mil pesos, consistentes en alcohol, esencias, vaselina, eucalipto, envases, agujas, miel de abeja, conos, entre otros; dicho material sirve para la elaboraci\u00f3n de jabones, champ\u00fa, microdosis, pomadas, cremas, ung\u00fcentos y preparados naturales que sirven como apoyo para aliviar enfermedades.<\/p>\n<p>&nbsp;<\/p>\n<p>Adem\u00e1s, se visitaron los proyectos productivos consistentes en un molino de nixtamal y carpinter\u00eda; al respecto, la directora de AFEVEM indic\u00f3 que gracias a la participaci\u00f3n de la localidad, dichos proyectos son autosustentables y brindan la oportunidad de crecimiento econ\u00f3mico a sus pobladores.<\/p>\n<p>Tambi\u00e9n se realiz\u00f3 un recorrido por el espacio de Alimentaci\u00f3n, Encuentro y Desarrollo ubicado en la comunidad de \u201cLos Amates\u201d, el cual, gracias a funcionamiento, ha mejorado la atenci\u00f3n nutricional de ni\u00f1os y adultos mayores que acuden regularmente y consumen alimentos que enriquecen su dieta con un costo accesible.<\/p>\n<p>La funcionaria del DIF indic\u00f3 que este apoyo se presta con la participaci\u00f3n decidida de la comunidad, ya que gracias a la organizaci\u00f3n se da continuidad al servicio alimentario.<\/p>\n","protected":false},"excerpt":{"rendered":"<p>Personal del Sistema para el Desarrollo Integral de la Familia (DIF) Michoac\u00e1n, realiz\u00f3 una gira de trabajo por el municipio de L\u00e1zaro C\u00e1rdenas en donde se supervis\u00f3 el funcionamiento de proyectos productivos y grupos de desarrollo pertenecientes al subprograma Comunidad DIFerente<\/p>\n","protected":false},"author":1,"featured_media":7565,"comment_status":"open","ping_status":"open","sticky":false,"template":"","format":"standard","meta":{"footnotes":""},"categories":[14,3],"tags":[],"class_list":["post-7564","post","type-post","status-publish","format-standard","has-post-thumbnail","hentry","category-destacadas","category-gobierno-del-estado-de-michoacan"],"_links":{"self":[{"href":"https:\/\/radiowebmx.com\/nota\/wp-json\/wp\/v2\/posts\/7564","targetHints":{"allow":["GET"]}}],"collection":[{"href":"https:\/\/radiowebmx.com\/nota\/wp-json\/wp\/v2\/posts"}],"about":[{"href":"https:\/\/radiowebmx.com\/nota\/wp-json\/wp\/v2\/types\/post"}],"author":[{"embeddable":true,"href":"https:\/\/radiowebmx.com\/nota\/wp-json\/wp\/v2\/users\/1"}],"replies":[{"embeddable":true,"href":"https:\/\/radiowebmx.com\/nota\/wp-json\/wp\/v2\/comments?post=7564"}],"version-history":[{"count":1,"href":"https:\/\/radiowebmx.com\/nota\/wp-json\/wp\/v2\/posts\/7564\/revisions"}],"predecessor-version":[{"id":7566,"href":"https:\/\/radiowebmx.com\/nota\/wp-json\/wp\/v2\/posts\/7564\/revisions\/7566"}],"wp:featuredmedia":[{"embeddable":true,"href":"https:\/\/radiowebmx.com\/nota\/wp-json\/wp\/v2\/media\/7565"}],"wp:attachment":[{"href":"https:\/\/radiowebmx.com\/nota\/wp-json\/wp\/v2\/media?parent=7564"}],"wp:term":[{"taxonomy":"category","embeddable":true,"href":"https:\/\/radiowebmx.com\/nota\/wp-json\/wp\/v2\/categories?post=7564"},{"taxonomy":"post_tag","embeddable":true,"href":"https:\/\/radiowebmx.com\/nota\/wp-json\/wp\/v2\/tags?post=7564"}],"curies":[{"name":"wp","href":"https:\/\/api.w.org\/{rel}","templated":true}]}}