{"id":7549,"date":"2014-06-05T12:22:00","date_gmt":"2014-06-05T17:22:00","guid":{"rendered":"https:\/\/radiowebmx.com\/nota\/?p=7549"},"modified":"2014-06-16T15:05:25","modified_gmt":"2014-06-16T20:05:25","slug":"refrendan-voluntad-ayuntamiento-y-locatarios-para-rehabilitacion-del-mercado-san-agustin","status":"publish","type":"post","link":"https:\/\/radiowebmx.com\/nota\/refrendan-voluntad-ayuntamiento-y-locatarios-para-rehabilitacion-del-mercado-san-agustin\/","title":{"rendered":"REFRENDAN VOLUNTAD AYUNTAMIENTO Y LOCATARIOS PARA REHABILITACION DEL MERCADO \u201cSAN AGUST\u00cdN\u201d"},"content":{"rendered":"<p><a href=\"https:\/\/radiowebmx.com\/nota\/wp-content\/uploads\/2014\/06\/comerciantes-13.jpg\"><img loading=\"lazy\" decoding=\"async\" class=\"alignleft size-full wp-image-7551\" alt=\"comerciantes (13)\" src=\"https:\/\/radiowebmx.com\/nota\/wp-content\/uploads\/2014\/06\/comerciantes-13.jpg\" width=\"591\" height=\"275\" srcset=\"https:\/\/radiowebmx.com\/nota\/wp-content\/uploads\/2014\/06\/comerciantes-13.jpg 591w, https:\/\/radiowebmx.com\/nota\/wp-content\/uploads\/2014\/06\/comerciantes-13-300x139.jpg 300w\" sizes=\"auto, (max-width: 591px) 100vw, 591px\" \/><\/a>El presidente municipal de Morelia, Wilfrido L\u00e1zaro Medina, y parte de su gabinete de trabajo, presentaron a los locatarios del Mercado Miguel Hidalgo, mejor conocido como \u201cSan Agust\u00edn\u201d el proyecto integral de rehabilitaci\u00f3n de este espacio tradicional.<\/p>\n<p>&nbsp;<\/p>\n<p>Gracias a las gestiones ante la federaci\u00f3n, el alcalde de la comuna logr\u00f3 un presupuesto de 12 millones de pesos para cambiarle la cara a este espacio de privilegio gastron\u00f3mico tanto para los morelianos como los turistas nacionales y del extranjero; es por ello que, en cumplimiento al compromiso asumido de darle m\u00e1s vida a este mercado, en pr\u00f3ximas fechas arrancar\u00e1n\u00a0 la obra.<\/p>\n<p>&nbsp;<\/p>\n<p>Wilfrido L\u00e1zaro Medina resalt\u00f3 que Morelia se ha logrado posicionar dentro de las ciudades m\u00e1s hermosas de Am\u00e9rica Latina y por su ubicaci\u00f3n geogr\u00e1fica, tiene cercan\u00eda con m\u00e1s de 60 millones de mexicanos de otras entidades del pa\u00eds, lo que le brinda grandes oportunidades de atracci\u00f3n de turismo y negocios.<\/p>\n<p>&nbsp;<\/p>\n<p>Por ello, dijo, la intenci\u00f3n de la administraci\u00f3n que preside es darle larga vida a este espacio gastron\u00f3mico, posicion\u00e1ndolo como centro de alimentos predilectos para quienes asisten a los festivales de m\u00fasica, cine, teatro, danza y otros eventos nacionales e internacionales que cada a\u00f1o recibe la ciudad de las canteras rosas.<\/p>\n<p>&nbsp;<\/p>\n<p>Pidi\u00f3 a los locatarios unidad, trabajo y sobre todo paciencia durante el periodo que tardar\u00e1n los trabajos de rehabilitaci\u00f3n del mercado, mismos, que se estima llegar\u00e1n a los 90 d\u00edas partir de que inicie la obra, la cual, est\u00e1 programada para la pr\u00f3xima semana, una vez definido el lugar donde se reubicar\u00e1n moment\u00e1neamente a los comerciantes.<\/p>\n<p>&nbsp;<\/p>\n<p>Comprometi\u00f3 que las nuevas instalaciones del mercado, ser\u00e1n ocupadas y en beneficio de quienes toda la vida han trabajado ah\u00ed y puntualiz\u00f3 que se tienen un padr\u00f3n oficial para evitar la llegada de ajenos.<\/p>\n<p>&nbsp;<\/p>\n<p>En la explicaci\u00f3n del proyecto, el director del Instituto Municipal de Desarrollo Urbano de Morelia, Jos\u00e9 Luis Rodr\u00edguez, detall\u00f3 que entre los nuevos acondicionamientos est\u00e1n: garantizar la seguridad de la estructura con el cambio de las vigas viejas y podridas por nuevas que ya fueron encargadas.<\/p>\n<p>&nbsp;<\/p>\n<p>Se trabajar\u00e1 tambi\u00e9n en el \u00a0mejoramiento de los acabados, pisos, muros, plafones, instalaciones el\u00e9ctrica, hidr\u00e1ulica e higi\u00e9nica que tienen que ver con los sanitarios, se instalar\u00e1n estructuras met\u00e1licas para la preparaci\u00f3n de los alimentos y se instalar\u00e1 un sistema contra incendios. Cada uno de ellos contar\u00e1 con agua limpia en sus puestos y salidas de gas.<\/p>\n<p>&nbsp;<\/p>\n<p>Asegur\u00f3 que la obra ya fue licitada y los permisos correspondientes ante el INA ya fueron obtenidos, por lo que, todo est\u00e1 listo para arrancar dicha obra.<\/p>\n<p>&nbsp;<\/p>\n<p>A la reuni\u00f3n, tambi\u00e9n asistieron el secretario de Obras P\u00fablicas, Gustavo Moriel Armend\u00e1riz, el secretario de Servicios P\u00fablicos Municipales, Iv\u00e1n Mois\u00e9s Rodr\u00edguez Medina, y el coordinador del Centro Hist\u00f3rico, Miguel \u00c1ngel Prado Vera.<\/p>\n","protected":false},"excerpt":{"rendered":"<p>El presidente municipal de Morelia, Wilfrido L\u00e1zaro Medina, y parte de su gabinete de trabajo, presentaron a los locatarios del Mercado Miguel Hidalgo, mejor conocido como \u201cSan Agust\u00edn\u201d el proyecto integral de rehabilitaci\u00f3n de este espacio tradicional.<\/p>\n","protected":false},"author":1,"featured_media":7551,"comment_status":"open","ping_status":"open","sticky":false,"template":"","format":"standard","meta":{"footnotes":""},"categories":[14,9],"tags":[],"class_list":["post-7549","post","type-post","status-publish","format-standard","has-post-thumbnail","hentry","category-destacadas","category-morelia"],"_links":{"self":[{"href":"https:\/\/radiowebmx.com\/nota\/wp-json\/wp\/v2\/posts\/7549","targetHints":{"allow":["GET"]}}],"collection":[{"href":"https:\/\/radiowebmx.com\/nota\/wp-json\/wp\/v2\/posts"}],"about":[{"href":"https:\/\/radiowebmx.com\/nota\/wp-json\/wp\/v2\/types\/post"}],"author":[{"embeddable":true,"href":"https:\/\/radiowebmx.com\/nota\/wp-json\/wp\/v2\/users\/1"}],"replies":[{"embeddable":true,"href":"https:\/\/radiowebmx.com\/nota\/wp-json\/wp\/v2\/comments?post=7549"}],"version-history":[{"count":2,"href":"https:\/\/radiowebmx.com\/nota\/wp-json\/wp\/v2\/posts\/7549\/revisions"}],"predecessor-version":[{"id":7808,"href":"https:\/\/radiowebmx.com\/nota\/wp-json\/wp\/v2\/posts\/7549\/revisions\/7808"}],"wp:featuredmedia":[{"embeddable":true,"href":"https:\/\/radiowebmx.com\/nota\/wp-json\/wp\/v2\/media\/7551"}],"wp:attachment":[{"href":"https:\/\/radiowebmx.com\/nota\/wp-json\/wp\/v2\/media?parent=7549"}],"wp:term":[{"taxonomy":"category","embeddable":true,"href":"https:\/\/radiowebmx.com\/nota\/wp-json\/wp\/v2\/categories?post=7549"},{"taxonomy":"post_tag","embeddable":true,"href":"https:\/\/radiowebmx.com\/nota\/wp-json\/wp\/v2\/tags?post=7549"}],"curies":[{"name":"wp","href":"https:\/\/api.w.org\/{rel}","templated":true}]}}