{"id":7520,"date":"2014-06-06T11:18:52","date_gmt":"2014-06-06T16:18:52","guid":{"rendered":"https:\/\/radiowebmx.com\/nota\/?p=7520"},"modified":"2014-06-06T11:18:52","modified_gmt":"2014-06-06T16:18:52","slug":"de-manera-ludica-ninos-y-jovenes-se-acercan-a-la-ciencia-y-tecnologia","status":"publish","type":"post","link":"https:\/\/radiowebmx.com\/nota\/de-manera-ludica-ninos-y-jovenes-se-acercan-a-la-ciencia-y-tecnologia\/","title":{"rendered":"DE MANERA L\u00daDICA, NI\u00d1OS Y J\u00d3VENES SE ACERCAN A LA CIENCIA Y TECNOLOG\u00cdA"},"content":{"rendered":"<p><a href=\"https:\/\/radiowebmx.com\/nota\/wp-content\/uploads\/2014\/06\/4Q4A9187.jpg\"><img loading=\"lazy\" decoding=\"async\" class=\"alignleft size-full wp-image-7521\" alt=\"4Q4A9187\" src=\"https:\/\/radiowebmx.com\/nota\/wp-content\/uploads\/2014\/06\/4Q4A9187.jpg\" width=\"591\" height=\"320\" srcset=\"https:\/\/radiowebmx.com\/nota\/wp-content\/uploads\/2014\/06\/4Q4A9187.jpg 591w, https:\/\/radiowebmx.com\/nota\/wp-content\/uploads\/2014\/06\/4Q4A9187-300x162.jpg 300w\" sizes=\"auto, (max-width: 591px) 100vw, 591px\" \/><\/a>\u201cLo importante, lo \u00fanico que transforma a la sociedad es la educaci\u00f3n\u201d, se\u00f1al\u00f3 Jes\u00fas Sierra Arias, secretario de Educaci\u00f3n en el Estado, al poner en marcha el proyecto de divulgaci\u00f3n de ciencia y tecnolog\u00eda \u201cCiencia en Acci\u00f3n\u201d en la Escuela Secundaria Federal \u201cRicardo Flores Mag\u00f3n\u201d, del municipio de Churumuco.<\/p>\n<p>El funcionario estatal precis\u00f3 que hoy la sociedad y el mundo no se entender\u00edan sin los avances cient\u00edficos y tecnol\u00f3gicos; destac\u00f3 el papel de los ni\u00f1os y j\u00f3venes e hizo \u00e9nfasis en que son ellos quienes pueden llevar a cabo el mayor avance que podamos imaginar. El contacto natural, dijo, puede potenciar lo que la ciencia nos puede permitir.<\/p>\n<p>Durante dos d\u00edas, alrededor de 3 mil 500 estudiantes, docentes y p\u00fablico en general de diferentes comunidades de Churumuco y otros municipios como Apatzing\u00e1n, La Huacana, Huetamo y Turicato, podr\u00e1n participar en conferencias, proyecciones, talleres y demostraciones experimentales que \u201cles permitir\u00e1n llegar a conclusiones de c\u00f3mo los fen\u00f3menos se producen y c\u00f3mo podemos utilizarlos en la vida cotidiana\u201d, se\u00f1al\u00f3 Manuel Saavedra Regalado, director general de Desarrollo e Investigaci\u00f3n Educativa de la SEE.<\/p>\n<p>Como una experiencia \u00fanica, calific\u00f3 esta jornada Yosthinyordi Alem\u00e1n Rodr\u00edguez, estudiante de primer grado de Secundaria, ya que pudo conocer informaci\u00f3n como la magnitud del Universo, el tama\u00f1o de una galaxia y m\u00e1s sobre ciencia.<\/p>\n<p>Este proyecto, es posible gracias al apoyo y participaci\u00f3n de instituciones como el Centro de Cooperaci\u00f3n Regional para la Educaci\u00f3n de Adultos en Am\u00e9rica Latina y el Caribe (CREFAL), la Universidad Michoacana de San Nicol\u00e1s de Hidalgo, el Telebachillerato de Michoac\u00e1n, el Centro de Investigaciones en Geograf\u00eda Ambiental de la UNAM campus Morelia, el Instituto de Investigaciones Qu\u00edmico Biol\u00f3gicas de la UMNSH, el Instituto de Investigaciones Agropecuarias y Forestales, el Centro Interdisciplinario del Instituto Polit\u00e9cnico Nacional Campus Jiquilpan y el Planetario de Morelia.<\/p>\n<p>Javier Cruz Mandujano, organizador de las\u00a0 Jornadas de Divulgaci\u00f3n de Ciencia y Tecnolog\u00eda, invit\u00f3 a los estudiantes y habitantes de Churumuco a la noche astron\u00f3mica, un taller de conocimiento, uso y armado de telescopio, acompa\u00f1ado por la observaci\u00f3n del cielo nocturno; tambi\u00e9n inform\u00f3 que ser\u00e1n 11 conferencias con temas de vanguardia las que impartir\u00e1n cient\u00edficos y acad\u00e9micos de reconocida trayectoria pertenecientes a instituciones como la UNAM Campus Morelia, UMSNH, Planetario de Morelia, CREFAL y Telebachillerato de Michoac\u00e1n.<\/p>\n<p>En el patio principal de la Secundaria \u201cFlores Mg\u00f3n\u201d, se exhibieron 47 prototipos tecnol\u00f3gicos, productos de concursos de creatividad en tecnolog\u00eda, docencia para la f\u00edsica y las matem\u00e1ticas, rob\u00f3tica y mecatr\u00f3nica.<\/p>\n<p>Es importante mencionar que estas Jornadas de Ciencia y Tecnolog\u00eda se replicar\u00e1n en Tuzantla los d\u00edas 4 y 5 de septiembre; y el 2 y 3 de octubre en Nocup\u00e9taro.\u00a0\u00a0<strong><\/strong><\/p>\n","protected":false},"excerpt":{"rendered":"<p>\u201cLo importante, lo \u00fanico que transforma a la sociedad es la educaci\u00f3n\u201d, se\u00f1al\u00f3 Jes\u00fas Sierra Arias, secretario de Educaci\u00f3n en el Estado, al poner en marcha el proyecto de divulgaci\u00f3n de ciencia y tecnolog\u00eda \u201cCiencia en Acci\u00f3n\u201d en la Escuela Secundaria Federal \u201cRicardo Flores Mag\u00f3n\u201d, <\/p>\n","protected":false},"author":1,"featured_media":7521,"comment_status":"open","ping_status":"open","sticky":false,"template":"","format":"standard","meta":{"footnotes":""},"categories":[14,3],"tags":[],"class_list":["post-7520","post","type-post","status-publish","format-standard","has-post-thumbnail","hentry","category-destacadas","category-gobierno-del-estado-de-michoacan"],"_links":{"self":[{"href":"https:\/\/radiowebmx.com\/nota\/wp-json\/wp\/v2\/posts\/7520","targetHints":{"allow":["GET"]}}],"collection":[{"href":"https:\/\/radiowebmx.com\/nota\/wp-json\/wp\/v2\/posts"}],"about":[{"href":"https:\/\/radiowebmx.com\/nota\/wp-json\/wp\/v2\/types\/post"}],"author":[{"embeddable":true,"href":"https:\/\/radiowebmx.com\/nota\/wp-json\/wp\/v2\/users\/1"}],"replies":[{"embeddable":true,"href":"https:\/\/radiowebmx.com\/nota\/wp-json\/wp\/v2\/comments?post=7520"}],"version-history":[{"count":2,"href":"https:\/\/radiowebmx.com\/nota\/wp-json\/wp\/v2\/posts\/7520\/revisions"}],"predecessor-version":[{"id":7523,"href":"https:\/\/radiowebmx.com\/nota\/wp-json\/wp\/v2\/posts\/7520\/revisions\/7523"}],"wp:featuredmedia":[{"embeddable":true,"href":"https:\/\/radiowebmx.com\/nota\/wp-json\/wp\/v2\/media\/7521"}],"wp:attachment":[{"href":"https:\/\/radiowebmx.com\/nota\/wp-json\/wp\/v2\/media?parent=7520"}],"wp:term":[{"taxonomy":"category","embeddable":true,"href":"https:\/\/radiowebmx.com\/nota\/wp-json\/wp\/v2\/categories?post=7520"},{"taxonomy":"post_tag","embeddable":true,"href":"https:\/\/radiowebmx.com\/nota\/wp-json\/wp\/v2\/tags?post=7520"}],"curies":[{"name":"wp","href":"https:\/\/api.w.org\/{rel}","templated":true}]}}