{"id":7510,"date":"2014-06-05T11:12:33","date_gmt":"2014-06-05T16:12:33","guid":{"rendered":"https:\/\/radiowebmx.com\/nota\/?p=7510"},"modified":"2014-06-05T11:12:33","modified_gmt":"2014-06-05T16:12:33","slug":"coordinacion-entre-see-y-cedh-fortalece-politicas-publicas-contra-violencia-escolar","status":"publish","type":"post","link":"https:\/\/radiowebmx.com\/nota\/coordinacion-entre-see-y-cedh-fortalece-politicas-publicas-contra-violencia-escolar\/","title":{"rendered":"COORDINACI\u00d3N ENTRE SEE Y CEDH FORTALECE POL\u00cdTICAS P\u00daBLICAS CONTRA VIOLENCIA ESCOLAR"},"content":{"rendered":"<p><a href=\"https:\/\/radiowebmx.com\/nota\/wp-content\/uploads\/2014\/06\/4Q4A8929.jpg\"><img loading=\"lazy\" decoding=\"async\" class=\"alignleft size-full wp-image-7511\" alt=\"4Q4A8929\" src=\"https:\/\/radiowebmx.com\/nota\/wp-content\/uploads\/2014\/06\/4Q4A8929.jpg\" width=\"591\" height=\"286\" srcset=\"https:\/\/radiowebmx.com\/nota\/wp-content\/uploads\/2014\/06\/4Q4A8929.jpg 591w, https:\/\/radiowebmx.com\/nota\/wp-content\/uploads\/2014\/06\/4Q4A8929-300x145.jpg 300w\" sizes=\"auto, (max-width: 591px) 100vw, 591px\" \/><\/a>El convenio de coordinaci\u00f3n firmado a nivel nacional entre la Secretar\u00eda de Educaci\u00f3n P\u00fablica y <strong>las autoridades educativas de <\/strong>los estados para facilitar el combate a la violencia en las escuelas, mediante acciones inmediatas y eficaces de prevenci\u00f3n y atenci\u00f3n, hace \u00e9nfasis en la formaci\u00f3n de redes de colaboraci\u00f3n interinstitucionales para coadyuvar en la prevenci\u00f3n y atenci\u00f3n de la violencia escolar.<\/p>\n<p><strong>En Michoac\u00e1n, el trabajo coordinado ha sido una constante para dar seguimiento a la violencia escolar, muestra de ello es que esta ma\u00f1ana el titular de la Secretar\u00eda de Educaci\u00f3n en el Estado, Jes\u00fas Sierra Arias, se reuni\u00f3 con el presidente de la Comisi\u00f3n Estatal de Derechos Humanos, Jos\u00e9 Mar\u00eda C\u00e1zares Sol\u00f3rzano, y con personal del organismo. <\/strong><\/p>\n<p><strong>En la reuni\u00f3n, a la que asistieron tambi\u00e9n representantes del Centro de Cooperaci\u00f3n Regional para la Educaci\u00f3n de Adultos en Am\u00e9rica Latina y el Caribe (CREFAL), Sierra Arias hizo un llamado para sumar esfuerzos y, junto a maestros y padres de familia, hacer frente a uno de los principales problemas que enfrenta nuestra sociedad: la violencia.<\/strong><\/p>\n<p><strong>El titular del sector educativo record\u00f3 que los planteles educativos no son generadores de problemas, aunque es ah\u00ed donde se congregan; por ello la importancia de \u00a0contar con la participaci\u00f3n social para hacer valer una cultura de respeto a los derechos humanos.<\/strong><\/p>\n<p><strong>En su momento, el presidente de la CEDH, Jos\u00e9 Mar\u00eda C\u00e1zares Sol\u00f3rzano, precis\u00f3 que la suma de esfuerzos entre las instituciones va a redundar en beneficio de la poblaci\u00f3n m\u00e1s desprotegida. <\/strong><\/p>\n<p><strong>La reuni\u00f3n sirvi\u00f3 de marco para que investigadores del CREFAL presentaran el programa de un diplomado en l\u00ednea enfocado a la definici\u00f3n y ense\u00f1anza de los derechos humanos, con el objetivo de impulsar la cultura de estos principios entre personal docente, operativo y directivo de planteles escolares. <\/strong><\/p>\n<p><strong>La retroalimentaci\u00f3n y b\u00fasqueda constante de proyectos e ideas que permitan fomentar una convivencia sana en la escuela es una tarea primordial de esta administraci\u00f3n. El Gobierno que encabeza Fausto Vallejo Figueroa ha sido pionero <\/strong>al\u00a0 contar con un protocolo especializado en la prevenci\u00f3n, detecci\u00f3n y atenci\u00f3n de los casos de violencia escolar, que establece medidas precisas para identificar y dar seguimiento a las situaciones de acoso escolar tambi\u00e9n llamado <i>bullying<\/i>, as\u00ed como mecanismos para evitar que se repita el incidente y tambi\u00e9n tratar de reparar el da\u00f1o.<\/p>\n<p>\u201cSi no queremos la violencia, nos tenemos que preparar para la paz\u201d, sostuvo el secretario de Educaci\u00f3n, Jes\u00fas Sierra Arias, ya que para la construcci\u00f3n de un mejor Michoac\u00e1n debemos erradicar la violencia en todos sus \u00e1mbitos y modalidades.<strong> <\/strong><\/p>\n<p><strong>\u00a0<\/strong><\/p>\n<p><strong>\u00a0<\/strong><\/p>\n","protected":false},"excerpt":{"rendered":"<p>El convenio de coordinaci\u00f3n firmado a nivel nacional entre la Secretar\u00eda de Educaci\u00f3n P\u00fablica y las autoridades educativas de los estados para facilitar el combate a la violencia en las escuelas, <\/p>\n","protected":false},"author":1,"featured_media":7511,"comment_status":"open","ping_status":"open","sticky":false,"template":"","format":"standard","meta":{"footnotes":""},"categories":[14,3],"tags":[],"class_list":["post-7510","post","type-post","status-publish","format-standard","has-post-thumbnail","hentry","category-destacadas","category-gobierno-del-estado-de-michoacan"],"_links":{"self":[{"href":"https:\/\/radiowebmx.com\/nota\/wp-json\/wp\/v2\/posts\/7510","targetHints":{"allow":["GET"]}}],"collection":[{"href":"https:\/\/radiowebmx.com\/nota\/wp-json\/wp\/v2\/posts"}],"about":[{"href":"https:\/\/radiowebmx.com\/nota\/wp-json\/wp\/v2\/types\/post"}],"author":[{"embeddable":true,"href":"https:\/\/radiowebmx.com\/nota\/wp-json\/wp\/v2\/users\/1"}],"replies":[{"embeddable":true,"href":"https:\/\/radiowebmx.com\/nota\/wp-json\/wp\/v2\/comments?post=7510"}],"version-history":[{"count":2,"href":"https:\/\/radiowebmx.com\/nota\/wp-json\/wp\/v2\/posts\/7510\/revisions"}],"predecessor-version":[{"id":7513,"href":"https:\/\/radiowebmx.com\/nota\/wp-json\/wp\/v2\/posts\/7510\/revisions\/7513"}],"wp:featuredmedia":[{"embeddable":true,"href":"https:\/\/radiowebmx.com\/nota\/wp-json\/wp\/v2\/media\/7511"}],"wp:attachment":[{"href":"https:\/\/radiowebmx.com\/nota\/wp-json\/wp\/v2\/media?parent=7510"}],"wp:term":[{"taxonomy":"category","embeddable":true,"href":"https:\/\/radiowebmx.com\/nota\/wp-json\/wp\/v2\/categories?post=7510"},{"taxonomy":"post_tag","embeddable":true,"href":"https:\/\/radiowebmx.com\/nota\/wp-json\/wp\/v2\/tags?post=7510"}],"curies":[{"name":"wp","href":"https:\/\/api.w.org\/{rel}","templated":true}]}}