{"id":7505,"date":"2014-06-05T11:05:43","date_gmt":"2014-06-05T16:05:43","guid":{"rendered":"https:\/\/radiowebmx.com\/nota\/?p=7505"},"modified":"2014-06-05T11:05:43","modified_gmt":"2014-06-05T16:05:43","slug":"insta-suma-a-la-especializacion-de-funcionarios-municipales-en-el-tema-ambiental","status":"publish","type":"post","link":"https:\/\/radiowebmx.com\/nota\/insta-suma-a-la-especializacion-de-funcionarios-municipales-en-el-tema-ambiental\/","title":{"rendered":"INSTA SUMA A LA ESPECIALIZACI\u00d3N DE FUNCIONARIOS MUNICIPALES EN EL TEMA AMBIENTAL"},"content":{"rendered":"<p><a href=\"https:\/\/radiowebmx.com\/nota\/wp-content\/uploads\/2014\/06\/la-foto-11.jpg\"><img loading=\"lazy\" decoding=\"async\" class=\"alignleft size-full wp-image-7506\" alt=\"la foto 1\" src=\"https:\/\/radiowebmx.com\/nota\/wp-content\/uploads\/2014\/06\/la-foto-11.jpg\" width=\"591\" height=\"317\" srcset=\"https:\/\/radiowebmx.com\/nota\/wp-content\/uploads\/2014\/06\/la-foto-11.jpg 591w, https:\/\/radiowebmx.com\/nota\/wp-content\/uploads\/2014\/06\/la-foto-11-300x160.jpg 300w\" sizes=\"auto, (max-width: 591px) 100vw, 591px\" \/><\/a>Al ofrecer una conferencia sobre Justicia Ambiental a alumnos de la Facultad de Derecho de la Universidad Michoacana de San Nicol\u00e1s de Hidalgo, el secretario de Urbanismo y Medio Ambiente (SUMA), Mauro Ram\u00f3n Ballesteros Figueroa, hizo un llamado a los funcionarios municipales para que se especialicen y capaciten en materia ambiental, a fin de poder construir instrumentos de planeaci\u00f3n adecuados y proyectos de protecci\u00f3n del patrimonio natural, que signifiquen un mejor servicio para la ciudadan\u00eda.<\/p>\n<p>Ballesteros Figueroa inform\u00f3 que desafortunadamente, cerca de un 90 por ciento de los ayuntamientos no cuentan con funcionarios especializados en dichos temas, por lo que resalt\u00f3 la necesidad de que los gobiernos municipales cuenten con profesionales del ramo; esto con el objetivo de mejorar la toma de decisiones, as\u00ed como la calidad de las obras y programas.<\/p>\n<p>El titular de SUMA reconoci\u00f3 que actualmente son tres los aspectos que hace falta atender, como es el fortalecimiento de instituciones p\u00fablicas en el rubro, el desarrollo de capacidades de los servidores p\u00fablicos y la transparencia en los servicios que se brindan a la ciudadan\u00eda, \u201clo que se alcanzar\u00e1 con la capacitaci\u00f3n a los servidores p\u00fablicos\u201d, afirm\u00f3.<\/p>\n<p>Acompa\u00f1ado por el subdelegado Jur\u00eddico de la Procuradur\u00eda Federal de Protecci\u00f3n al Ambiente, Pedro Sotelo Ibarra, Ballesteros Figueroa, se\u00f1al\u00f3 adem\u00e1s la necesidad de velar por una mejor aplicaci\u00f3n de la Ley de Responsabilidad Administrativa.<\/p>\n<p>Consider\u00f3 tambi\u00e9n importante el actualizar las leyes que promueven la protecci\u00f3n y preservaci\u00f3n de nuestros recursos naturales, como una forma de incidir en el mejoramiento del entorno en el que vivimos.<\/p>\n<p>Por su parte, el Procurador Ambiental de Michoac\u00e1n, Arturo Guzm\u00e1n Abrego, afirm\u00f3 que es necesario que las instituciones cumplan de una mejor forma con lo que establecen las leyes y dem\u00e1s ordenamientos ambientales, a fin de evitar acciones irregulares que afecten a la poblaci\u00f3n.<\/p>\n<p>En ello tambi\u00e9n coincidi\u00f3 el funcionario de la PROFEPA, Pedro Sotelo, cuando declar\u00f3 que en la medida en que se cumplan tales requerimientos, la ciudadan\u00eda estar\u00e1 siendo atendida de una mejor forma.<\/p>\n<p>En el ciclo de conferencias organizado por el grupo Proyecto GM M\u00e9xico, integrado por egresados y estudiantes de Postgrado de la Facultad de Derecho y Ciencias Sociales de la Universidad Michoacana de San Nicol\u00e1s de Hidalgo, el director de esta instituci\u00f3n,\u00a0 H\u00e9ctor Ch\u00e1vez Guti\u00e9rrez, agradeci\u00f3 la participaci\u00f3n de los ponentes.<\/p>\n","protected":false},"excerpt":{"rendered":"<p>Al ofrecer una conferencia sobre Justicia Ambiental a alumnos de la Facultad de Derecho de la Universidad Michoacana de San Nicol\u00e1s de Hidalgo, el secretario de Urbanismo y Medio Ambiente (SUMA), Mauro Ram\u00f3n Ballesteros Figueroa, <\/p>\n","protected":false},"author":1,"featured_media":0,"comment_status":"open","ping_status":"open","sticky":false,"template":"","format":"standard","meta":{"footnotes":""},"categories":[14,3],"tags":[],"class_list":["post-7505","post","type-post","status-publish","format-standard","hentry","category-destacadas","category-gobierno-del-estado-de-michoacan"],"_links":{"self":[{"href":"https:\/\/radiowebmx.com\/nota\/wp-json\/wp\/v2\/posts\/7505","targetHints":{"allow":["GET"]}}],"collection":[{"href":"https:\/\/radiowebmx.com\/nota\/wp-json\/wp\/v2\/posts"}],"about":[{"href":"https:\/\/radiowebmx.com\/nota\/wp-json\/wp\/v2\/types\/post"}],"author":[{"embeddable":true,"href":"https:\/\/radiowebmx.com\/nota\/wp-json\/wp\/v2\/users\/1"}],"replies":[{"embeddable":true,"href":"https:\/\/radiowebmx.com\/nota\/wp-json\/wp\/v2\/comments?post=7505"}],"version-history":[{"count":1,"href":"https:\/\/radiowebmx.com\/nota\/wp-json\/wp\/v2\/posts\/7505\/revisions"}],"predecessor-version":[{"id":7507,"href":"https:\/\/radiowebmx.com\/nota\/wp-json\/wp\/v2\/posts\/7505\/revisions\/7507"}],"wp:attachment":[{"href":"https:\/\/radiowebmx.com\/nota\/wp-json\/wp\/v2\/media?parent=7505"}],"wp:term":[{"taxonomy":"category","embeddable":true,"href":"https:\/\/radiowebmx.com\/nota\/wp-json\/wp\/v2\/categories?post=7505"},{"taxonomy":"post_tag","embeddable":true,"href":"https:\/\/radiowebmx.com\/nota\/wp-json\/wp\/v2\/tags?post=7505"}],"curies":[{"name":"wp","href":"https:\/\/api.w.org\/{rel}","templated":true}]}}