{"id":7494,"date":"2014-06-05T10:49:58","date_gmt":"2014-06-05T15:49:58","guid":{"rendered":"https:\/\/radiowebmx.com\/nota\/?p=7494"},"modified":"2014-06-05T10:49:58","modified_gmt":"2014-06-05T15:49:58","slug":"inauguran-proyecto-productivo-para-mujeres-en-villa-madero","status":"publish","type":"post","link":"https:\/\/radiowebmx.com\/nota\/inauguran-proyecto-productivo-para-mujeres-en-villa-madero\/","title":{"rendered":"INAUGURAN PROYECTO PRODUCTIVO PARA MUJERES EN VILLA MADERO"},"content":{"rendered":"<p><a href=\"https:\/\/radiowebmx.com\/nota\/wp-content\/uploads\/2014\/06\/1.jpg\"><img loading=\"lazy\" decoding=\"async\" class=\"alignleft size-full wp-image-7495\" alt=\"1\" src=\"https:\/\/radiowebmx.com\/nota\/wp-content\/uploads\/2014\/06\/1.jpg\" width=\"591\" height=\"334\" srcset=\"https:\/\/radiowebmx.com\/nota\/wp-content\/uploads\/2014\/06\/1.jpg 591w, https:\/\/radiowebmx.com\/nota\/wp-content\/uploads\/2014\/06\/1-300x169.jpg 300w, https:\/\/radiowebmx.com\/nota\/wp-content\/uploads\/2014\/06\/1-128x72.jpg 128w\" sizes=\"auto, (max-width: 591px) 100vw, 591px\" \/><\/a>Con el objetivo de generar una fuente de empleo para mujeres de la comunidad de La Cumbre, la Secretar\u00eda de la Mujer (Semujer) hizo posible la apertura de una panader\u00eda que beneficiar\u00e1 a familias del municipio de Villa Madero, la cual se suma a los m\u00e1s de 150 proyectos productivos que se han apoyado en diversas comunidades de Michoac\u00e1n, la mayor\u00eda de ellos dirigidos a las mujeres de las diferentes etnias de la entidad.<\/p>\n<p>La titular de la dependencia estatal, Consuelo Muro Urista, acompa\u00f1ada por el s\u00edndico municipal, Jos\u00e9 Manuel Calder\u00f3n Ch\u00e1vez y por las emprendedoras, cort\u00f3 el list\u00f3n inaugural del negocio que fue equipado en su totalidad por el Gobierno del Estado a trav\u00e9s de la Semujer, el cual adem\u00e1s de producir para el autoconsumo, representa una fuente de ingreso para las integrantes y sus familias.<\/p>\n<p>Cabe se\u00f1alar que la capacitaci\u00f3n para la elaboraci\u00f3n del pan entre otros productos tambi\u00e9n fue otorgada por la instancia gubernamental, adem\u00e1s las beneficiarias asistieron a talleres sobre Derechos Humanos y en temas de desarrollo econ\u00f3mico con el fin de brindarles herramientas b\u00e1sicas para la administraci\u00f3n de una microempresa.<\/p>\n<p>\u201cCuando los equipos est\u00e1n muy bien formados como ustedes dispuestas a trabajar, tenemos la certeza de que tendr\u00e1n mucho \u00e9xito y que el recurso lo har\u00e1n rendir bastante para que sus familias se vean beneficiadas; estamos seguras que su esfuerzo fructificar\u00e1 de tal manera que en pr\u00f3ximos meses vi\u00e9ndolas crecer podamos darles un incentivo\u201d, dijo Muro Urista a las emprendedoras.<\/p>\n<p>En gira de trabajo, acompa\u00f1ada por la directora de la Instancia Municipal de la Mujer, Catalina Villa Pi\u00f1\u00f3n y por el cuerpo de regidoras y regidores, la funcionaria estatal escuch\u00f3 las principales necesidades de las mujeres, as\u00ed como la experiencia que han tenido desde que iniciaron el proyecto hasta ponerlo en funcionamiento, generando beneficios directos para la comunidad.<\/p>\n<p>El s\u00edndico, Jos\u00e9 Manuel Calder\u00f3n, tras dar la bienvenida a las autoridades estatales, enfatiz\u00f3 en la importancia que tiene el impulsar proyectos que abonen a mejorar la econom\u00eda de las mujeres y del municipio en general.<\/p>\n<p>\u201cFelicidades a todas, ustedes tienen maridos, hijos\/as y de aqu\u00ed todos salen beneficiados; el trabajo es lo que honra al hombre y a la mujer, eso es lo que siempre buscamos y nos da mucho gusto que a trav\u00e9s de estas instituciones nuestras comunidades, nuestros habitantes se vean beneficiados con este tipo de apoyos\u201d.<\/p>\n<p>Por su parte, la directora de la Instancia Municipal de la Mujer de Madero, Catalina Villa, agradeci\u00f3 el apoyo y resalt\u00f3 la estrecha relaci\u00f3n que se ha tenido con la dependencia estatal con el fin de trabajar en beneficio de las mujeres.<\/p>\n<p>Leonor Ayala, integrante del grupo de emprendedoras, agradeci\u00f3 el apoyo tras se\u00f1alar que antes de participar en la panader\u00eda \u201cno se ganaba ni un peso y ahorita vendemos el pan y queda algo de dinero para las que estamos trabajando, es una buena ayuda para todas nosotras y nos sentimos muy bien\u201d.<\/p>\n<p>De igual forma, Avelina Ruiz, comparti\u00f3 que antes de este apoyo, no hab\u00edan recibido ayuda. \u201cEstoy agradecida y me siento feliz, comemos pan y sacamos algo de apoyo econ\u00f3mico\u201d, manifest\u00f3.<\/p>\n<p>Durante la inauguraci\u00f3n tambi\u00e9n estuvo presente, Arcadio Guerrero Gami\u00f1o, encargado del orden de la comunidad de La Cumbre; integrantes del Cabildo,\u00a0 as\u00ed como la coordinadora de Proyectos de Desarrollo de la Semujer, Marlene Le\u00f3n Nava.<\/p>\n","protected":false},"excerpt":{"rendered":"<p>Con el objetivo de generar una fuente de empleo para mujeres de la comunidad de La Cumbre, la Secretar\u00eda de la Mujer (Semujer) hizo posible la apertura de una panader\u00eda que beneficiar\u00e1 a familias del municipio de Villa Madero, <\/p>\n","protected":false},"author":1,"featured_media":7495,"comment_status":"open","ping_status":"open","sticky":false,"template":"","format":"standard","meta":{"footnotes":""},"categories":[14,3],"tags":[],"class_list":["post-7494","post","type-post","status-publish","format-standard","has-post-thumbnail","hentry","category-destacadas","category-gobierno-del-estado-de-michoacan"],"_links":{"self":[{"href":"https:\/\/radiowebmx.com\/nota\/wp-json\/wp\/v2\/posts\/7494","targetHints":{"allow":["GET"]}}],"collection":[{"href":"https:\/\/radiowebmx.com\/nota\/wp-json\/wp\/v2\/posts"}],"about":[{"href":"https:\/\/radiowebmx.com\/nota\/wp-json\/wp\/v2\/types\/post"}],"author":[{"embeddable":true,"href":"https:\/\/radiowebmx.com\/nota\/wp-json\/wp\/v2\/users\/1"}],"replies":[{"embeddable":true,"href":"https:\/\/radiowebmx.com\/nota\/wp-json\/wp\/v2\/comments?post=7494"}],"version-history":[{"count":1,"href":"https:\/\/radiowebmx.com\/nota\/wp-json\/wp\/v2\/posts\/7494\/revisions"}],"predecessor-version":[{"id":7496,"href":"https:\/\/radiowebmx.com\/nota\/wp-json\/wp\/v2\/posts\/7494\/revisions\/7496"}],"wp:featuredmedia":[{"embeddable":true,"href":"https:\/\/radiowebmx.com\/nota\/wp-json\/wp\/v2\/media\/7495"}],"wp:attachment":[{"href":"https:\/\/radiowebmx.com\/nota\/wp-json\/wp\/v2\/media?parent=7494"}],"wp:term":[{"taxonomy":"category","embeddable":true,"href":"https:\/\/radiowebmx.com\/nota\/wp-json\/wp\/v2\/categories?post=7494"},{"taxonomy":"post_tag","embeddable":true,"href":"https:\/\/radiowebmx.com\/nota\/wp-json\/wp\/v2\/tags?post=7494"}],"curies":[{"name":"wp","href":"https:\/\/api.w.org\/{rel}","templated":true}]}}