{"id":7491,"date":"2014-06-05T10:46:14","date_gmt":"2014-06-05T15:46:14","guid":{"rendered":"https:\/\/radiowebmx.com\/nota\/?p=7491"},"modified":"2014-06-05T10:46:14","modified_gmt":"2014-06-05T15:46:14","slug":"la-cultura-en-derechos-humanos-sustenta-un-verdadero-estado-democratico-mvag","status":"publish","type":"post","link":"https:\/\/radiowebmx.com\/nota\/la-cultura-en-derechos-humanos-sustenta-un-verdadero-estado-democratico-mvag\/","title":{"rendered":"LA CULTURA EN DERECHOS HUMANOS SUSTENTA UN VERDADERO ESTADO DEMOCR\u00c1TICO: MVAG"},"content":{"rendered":"<p><a href=\"https:\/\/radiowebmx.com\/nota\/wp-content\/uploads\/2014\/06\/DSC_0332.jpg\"><img loading=\"lazy\" decoding=\"async\" class=\"alignleft size-full wp-image-7492\" alt=\"DSC_0332\" src=\"https:\/\/radiowebmx.com\/nota\/wp-content\/uploads\/2014\/06\/DSC_0332.jpg\" width=\"591\" height=\"282\" srcset=\"https:\/\/radiowebmx.com\/nota\/wp-content\/uploads\/2014\/06\/DSC_0332.jpg 591w, https:\/\/radiowebmx.com\/nota\/wp-content\/uploads\/2014\/06\/DSC_0332-300x143.jpg 300w\" sizes=\"auto, (max-width: 591px) 100vw, 591px\" \/><\/a>Para dar por inaugurados los trabajos del Segundo Foro Nacional de Derechos Humanos y Seguridad P\u00fablica, el encargado del despacho de la Secretar\u00eda de Gobierno, Marco Vinicio Aguilera Garibay, destac\u00f3 en su discurso la importancia que tienen en la actualidad la celebraci\u00f3n de espacios como \u00e9ste, toda vez que contribuyen al fortalecimiento de la cultura de los derechos humanos.<\/p>\n<p>\u201cEs justamente la cultura en Derechos Humanos la que sustentar\u00e1 un verdadero Estado democr\u00e1tico de Derecho, ya que los retos son ventanas de oportunidades y todos debemos contribuir para procurar edificar un futuro mejor para la sociedad michoacana\u201d, complement\u00f3.<\/p>\n<p>Al hacer uso de la palabra como representante del gobernador del Estado, Fausto Vallejo Figueroa, Aguilera Garibay destac\u00f3 la formulaci\u00f3n de un nuevo paradigma en la materia a partir de la Reforma Constitucional de junio de 2011 en el cual, se coloca a la persona en el centro de la actuaci\u00f3n de los poderes p\u00fablicos; derivado de ello dijo, el Estado Mexicano asume el compromiso de crear las condiciones necesarias para que todos puedan vivir y desarrollarse acorde a la dignidad humana, para ello se han adoptado las medidas necesarias para resolver los problemas que enfrenta el pa\u00eds, entre ellos el de la Seguridad P\u00fablica.<\/p>\n<p>Hizo menci\u00f3n sobre la insistencia constante en el respeto a los Derechos Humanos en todos los procedimientos en los que el Gobierno es parte, a efecto de que se garantice la seguridad, ya que al atropellarse los derechos de las personas, por cualquiera autoridad o cuerpo de seguridad, se debilita la institucionalidad del Estado.<\/p>\n<p>Record\u00f3 que si bien los funcionarios encargados de hacer cumplir la ley est\u00e1n obligados a conocer y aplicar las normas de Derechos Humanos, existen m\u00faltiples y variados instrumentos internacionales que regulan estas conductas, en particular el uso de la fuerza que leg\u00edtimamente pueden ejercer, siempre con apego a los principios de proporcionalidad, legalidad, responsabilidad y necesidad.<\/p>\n<p>Al respecto dijo que el Estado no renuncia al uso de la fuerza pero s\u00ed debe adecuar los mecanismos y el empleo de la misma a estos principios internacionales.<\/p>\n<p>\u201cLas mejores pr\u00e1cticas en el \u00e1mbito de preservaci\u00f3n de Seguridad P\u00fablica no pugna con los Derechos Humanos y su protecci\u00f3n, sino que contribuyen a que esta preservaci\u00f3n se perfeccione, dando lugar a la observancia de los Derechos Humanos y al mantenimiento cotidiano del estado de Derecho\u201d, a\u00f1adi\u00f3.<\/p>\n<p>Ante la compleja tarea de reimplantaci\u00f3n de la seguridad y el estado de Derecho, llam\u00f3 a todos a contribuir en la construcci\u00f3n, \u201cla propuesta es crear un nuevo Michoac\u00e1n para los michoacanos y desde luego en beneficio de todos los mexicanos\u201d.<\/p>\n<p>Finaliz\u00f3 tras insistir en ver los retos como oportunidades de plantear una nueva estructura constitucional para armonizar a la sociedad michoacana en una verdadera cultura de los Derechos Humanos.<\/p>\n<p>Por su parte, Ricardo D\u00edaz Ferreyra, director de la Unidad de Derechos Humanos y organizador del Foro, expuso el objetivo central de \u00e9ste, que no es otro que avanzar y profundizar en la promoci\u00f3n y difusi\u00f3n de los derechos fundamentales de las personas.<\/p>\n<p>\u201cEn el Gobierno del Estado de Michoac\u00e1n estamos convencidos que para respetar y aplicar de manera m\u00e1s efectiva la protecci\u00f3n y defensa de los Derechos Humanos hay que conocerlos, es por ello que se ha impulsado desde el inicio de esta administraci\u00f3n su difusi\u00f3n constante como medio de capacitaci\u00f3n a servidores p\u00fablicos y ciudadanos\u201d, dijo.<\/p>\n<p>En este sentido destac\u00f3 la necesidad de promover un profundo cambio de concepci\u00f3n de los derechos fundamentales no solo a los servidores p\u00fablicos, sino a la sociedad en general, ya que el Estado y sus habitantes requieren de una cultura de la legalidad.<\/p>\n<p>Para ello, afirm\u00f3, es necesario que autoridades y sociedad por igual asuman plenamente el binomio Derecho-Deberes, es decir, exigir el respeto a los derechos pero tambi\u00e9n cumplir con los deberes que cada ciudadano tiene en su \u00e1mbito de acci\u00f3n.<\/p>\n<p>Concluy\u00f3 con la consigna de que este segundo Foro sirva para dar espacio al intercambio de ideas, a la reflexi\u00f3n p\u00fablica colectiva en torno a una nueva concepci\u00f3n de los Derechos Humanos y su relaci\u00f3n con la seguridad p\u00fablica, con la justicia penal, con el medio ambiente, la paz, el trabajo y la equidad de g\u00e9nero.<\/p>\n<p>Cabe se\u00f1alar que durante dos d\u00edas, se llevar\u00e1n a cabo mesas de trabajo y\u00a0 ponencias sobre diversos temas relacionados, en los que participar\u00e1n servidores p\u00fablicos de los tres \u00f3rdenes de gobierno, integrantes de organizaciones defensoras de Derechos Humanos y estudiosos del tema.<\/p>\n<p>La realizaci\u00f3n de este foro tambi\u00e9n es posible gracias al esfuerzo conjunto de diversas instituciones p\u00fablicas y privadas como el Poder Judicial del Estado, la Comisi\u00f3n Estatal de Derechos Humanos, la Universidad Michoacana de San Nicol\u00e1s de Hidalgo, el Tribunal Electoral del Estado de Michoac\u00e1n, el Instituto de Administraci\u00f3n P\u00fablica de Michoac\u00e1n, la Universidad Vasco de Quiroga, el Consejo Implementador del Nuevo Sistema de Justicia Penal, la Barra Michoacana Colegio de Abogados y el Ayuntamiento de Morelia.<\/p>\n<p>A este evento de inauguraci\u00f3n asistieron entre otros los diputados locales, Cristina Portillo Ayala, Eduardo Orihuela Estefan y Antonio Sosa L\u00f3pez; as\u00ed como la secretaria ejecutiva del Consejo Implementador del Nuevo Sistema de Justicia Penal, Mar\u00eda de los \u00c1ngeles Llanderal Zaragoza; la secretaria auxiliar de la Universidad Michoacana de San Nicol\u00e1s de Hidalgo, Rosa Mar\u00eda de la Torre Torres; el presidente de la Comisi\u00f3n Estatal de los Derechos Humanos, Jos\u00e9 Mar\u00eda C\u00e1zares Sol\u00f3rzano; Armando Ornelas Celis, presidente de la Barra Michoacana Colegio de Abogados; Mar\u00eda de Jes\u00fas Garc\u00eda Ram\u00edrez, presidenta del Tribunal Electoral del Estado de Michoac\u00e1n y Carlos Macouzet Zamacona, director de la facultad de Derecho de la Universidad Vasco de Quiroga.<\/p>\n<p>&nbsp;<\/p>\n","protected":false},"excerpt":{"rendered":"<p>Para dar por inaugurados los trabajos del Segundo Foro Nacional de Derechos Humanos y Seguridad P\u00fablica, el encargado del despacho de la Secretar\u00eda de Gobierno, Marco Vinicio Aguilera Garibay, destac\u00f3 en su discurso la importancia que tienen en la actualidad la celebraci\u00f3n de espacios como \u00e9ste, <\/p>\n","protected":false},"author":1,"featured_media":7492,"comment_status":"open","ping_status":"open","sticky":false,"template":"","format":"standard","meta":{"footnotes":""},"categories":[1],"tags":[],"class_list":["post-7491","post","type-post","status-publish","format-standard","has-post-thumbnail","hentry","category-sin-categoria"],"_links":{"self":[{"href":"https:\/\/radiowebmx.com\/nota\/wp-json\/wp\/v2\/posts\/7491","targetHints":{"allow":["GET"]}}],"collection":[{"href":"https:\/\/radiowebmx.com\/nota\/wp-json\/wp\/v2\/posts"}],"about":[{"href":"https:\/\/radiowebmx.com\/nota\/wp-json\/wp\/v2\/types\/post"}],"author":[{"embeddable":true,"href":"https:\/\/radiowebmx.com\/nota\/wp-json\/wp\/v2\/users\/1"}],"replies":[{"embeddable":true,"href":"https:\/\/radiowebmx.com\/nota\/wp-json\/wp\/v2\/comments?post=7491"}],"version-history":[{"count":1,"href":"https:\/\/radiowebmx.com\/nota\/wp-json\/wp\/v2\/posts\/7491\/revisions"}],"predecessor-version":[{"id":7493,"href":"https:\/\/radiowebmx.com\/nota\/wp-json\/wp\/v2\/posts\/7491\/revisions\/7493"}],"wp:featuredmedia":[{"embeddable":true,"href":"https:\/\/radiowebmx.com\/nota\/wp-json\/wp\/v2\/media\/7492"}],"wp:attachment":[{"href":"https:\/\/radiowebmx.com\/nota\/wp-json\/wp\/v2\/media?parent=7491"}],"wp:term":[{"taxonomy":"category","embeddable":true,"href":"https:\/\/radiowebmx.com\/nota\/wp-json\/wp\/v2\/categories?post=7491"},{"taxonomy":"post_tag","embeddable":true,"href":"https:\/\/radiowebmx.com\/nota\/wp-json\/wp\/v2\/tags?post=7491"}],"curies":[{"name":"wp","href":"https:\/\/api.w.org\/{rel}","templated":true}]}}