{"id":7431,"date":"2014-06-02T12:13:04","date_gmt":"2014-06-02T17:13:04","guid":{"rendered":"https:\/\/radiowebmx.com\/nota\/?p=7431"},"modified":"2014-06-02T12:13:13","modified_gmt":"2014-06-02T17:13:13","slug":"puntualidad-y-veracidad-en-informacion-sobre-estado-de-salud-del-gobernador-sergio-benitez","status":"publish","type":"post","link":"https:\/\/radiowebmx.com\/nota\/puntualidad-y-veracidad-en-informacion-sobre-estado-de-salud-del-gobernador-sergio-benitez\/","title":{"rendered":"Puntualidad y veracidad en informaci\u00f3n sobre estado de salud del gobernador: Sergio Ben\u00edtez"},"content":{"rendered":"<p><a href=\"https:\/\/radiowebmx.com\/nota\/wp-content\/uploads\/2013\/03\/Dip.-Sergio-Ben\u00edtez-Su\u00e1rez.jpg\"><img loading=\"lazy\" decoding=\"async\" class=\"alignleft size-full wp-image-1935\" alt=\"Dip. Sergio Ben\u00edtez Su\u00e1rez\" src=\"https:\/\/radiowebmx.com\/nota\/wp-content\/uploads\/2013\/03\/Dip.-Sergio-Ben\u00edtez-Su\u00e1rez.jpg\" width=\"591\" height=\"296\" \/><\/a>\u201cUrge certeza sobre el tiempo y motivo por el que estar\u00e1 ausente el titular del Ejecutivo del Estado Fausto Vallejo Figueroa, respecto de su responsabilidad como gobernador de la entidad, ya que la falta de puntualidad en el manejo de la informaci\u00f3n generan nuevamente zozobra en Michoac\u00e1n\u201d, se\u00f1al\u00f3 el Coordinador del Grupo Parlamentario del Partido Acci\u00f3n Nacional, Sergio Ben\u00edtez Su\u00e1rez.<\/p>\n<p>En l\u00edder del blanquiazul en el Poder Legislativo, se\u00f1al\u00f3 que los michoacanos requieren de certidumbre para la toma de decisiones del Ejecutivo, ya que se considera irresponsable que las l\u00edneas de comunicaci\u00f3n sean encontradas al decir que puede ser solo una revisi\u00f3n m\u00e9dica y posteriormente abra la posibilidad a que de la misma, se pueda determinar su permanencia al frente del Ejecutivo del Estado, situaci\u00f3n que ponen nuevamente a Michoac\u00e1n en un clima de \u00a0inestabilidad que afecta el desarrollo de la entidad.<\/p>\n<p>\u201cDebe existir claridad, as\u00ed como veracidad y certeza, ya que es indispensable que tanto los michoacanos como los diversos poderes en la entidad conozcamos sobre qu\u00e9 titular recaer\u00eda la responsabilidad de la encargatura de despacho en caso de ausencia, ya que al momento no existe la figura de un Secretario de Gobierno, por lo que en su caso tendr\u00eda que recaer en la Secretaria de Finanzas.<\/p>\n<p>Por ello, \u201ces indispensable exista\u00a0 claridad en la informaci\u00f3n y sobre todo, se hable con la verdad sobre la situaci\u00f3n que requiere nuevamente una ausencia del Gobernador del Estado Fausto Vallejo Figueroa al frente de la administraci\u00f3n, ya que los antecedentes tenidos en la materia, han sido de una clara opacidad y manipuleo al momento de darse a conocer, siendo un elemento que afecta la estabilidad de Michoac\u00e1n\u201d, se\u00f1al\u00f3 Ben\u00edtez Su\u00e1rez.<\/p>\n<p>Finalmente, el l\u00edder del blanquiazul subray\u00f3 que si bien, la ausencia del titular del Ejecutivo fuera menor a 30 d\u00edas, no ser\u00eda necesario solicitar autorizaci\u00f3n al Poder Legislativo por parte del Gobierno Estatal, pero subray\u00f3, espera exista la notificaci\u00f3n de la misma como muestra de respeto y cortes\u00eda hacia los diversos Poderes en la entidad en los pr\u00f3ximos d\u00edas.<\/p>\n","protected":false},"excerpt":{"rendered":"<p>\u201cUrge certeza sobre el tiempo y motivo por el que estar\u00e1 ausente el titular del Ejecutivo del Estado Fausto Vallejo Figueroa, respecto de su responsabilidad como gobernador de la entidad<\/p>\n","protected":false},"author":1,"featured_media":0,"comment_status":"open","ping_status":"open","sticky":false,"template":"","format":"standard","meta":{"footnotes":""},"categories":[6,8],"tags":[],"class_list":["post-7431","post","type-post","status-publish","format-standard","hentry","category-congreso-del-estado","category-grupo-parlamentario-del-pan"],"_links":{"self":[{"href":"https:\/\/radiowebmx.com\/nota\/wp-json\/wp\/v2\/posts\/7431","targetHints":{"allow":["GET"]}}],"collection":[{"href":"https:\/\/radiowebmx.com\/nota\/wp-json\/wp\/v2\/posts"}],"about":[{"href":"https:\/\/radiowebmx.com\/nota\/wp-json\/wp\/v2\/types\/post"}],"author":[{"embeddable":true,"href":"https:\/\/radiowebmx.com\/nota\/wp-json\/wp\/v2\/users\/1"}],"replies":[{"embeddable":true,"href":"https:\/\/radiowebmx.com\/nota\/wp-json\/wp\/v2\/comments?post=7431"}],"version-history":[{"count":3,"href":"https:\/\/radiowebmx.com\/nota\/wp-json\/wp\/v2\/posts\/7431\/revisions"}],"predecessor-version":[{"id":7434,"href":"https:\/\/radiowebmx.com\/nota\/wp-json\/wp\/v2\/posts\/7431\/revisions\/7434"}],"wp:attachment":[{"href":"https:\/\/radiowebmx.com\/nota\/wp-json\/wp\/v2\/media?parent=7431"}],"wp:term":[{"taxonomy":"category","embeddable":true,"href":"https:\/\/radiowebmx.com\/nota\/wp-json\/wp\/v2\/categories?post=7431"},{"taxonomy":"post_tag","embeddable":true,"href":"https:\/\/radiowebmx.com\/nota\/wp-json\/wp\/v2\/tags?post=7431"}],"curies":[{"name":"wp","href":"https:\/\/api.w.org\/{rel}","templated":true}]}}