{"id":7394,"date":"2014-05-30T12:03:20","date_gmt":"2014-05-30T17:03:20","guid":{"rendered":"https:\/\/radiowebmx.com\/nota\/?p=7394"},"modified":"2014-05-30T12:03:20","modified_gmt":"2014-05-30T17:03:20","slug":"docentes-comparten-experiencias-en-torno-al-uso-de-las-tecnologias-de-la-informacion-y-comunicacion","status":"publish","type":"post","link":"https:\/\/radiowebmx.com\/nota\/docentes-comparten-experiencias-en-torno-al-uso-de-las-tecnologias-de-la-informacion-y-comunicacion\/","title":{"rendered":"DOCENTES COMPARTEN EXPERIENCIAS EN TORNO AL USO DE LAS TECNOLOG\u00cdAS DE LA INFORMACI\u00d3N Y COMUNICACI\u00d3N"},"content":{"rendered":"<p><a href=\"https:\/\/radiowebmx.com\/nota\/wp-content\/uploads\/2014\/05\/4Q4A9680.jpg\"><img loading=\"lazy\" decoding=\"async\" class=\"alignleft size-full wp-image-7395\" alt=\"4Q4A9680\" src=\"https:\/\/radiowebmx.com\/nota\/wp-content\/uploads\/2014\/05\/4Q4A9680.jpg\" width=\"591\" height=\"302\" srcset=\"https:\/\/radiowebmx.com\/nota\/wp-content\/uploads\/2014\/05\/4Q4A9680.jpg 591w, https:\/\/radiowebmx.com\/nota\/wp-content\/uploads\/2014\/05\/4Q4A9680-300x153.jpg 300w\" sizes=\"auto, (max-width: 591px) 100vw, 591px\" \/><\/a>Uno de los objetivos de la 1\u00aa Reuni\u00f3n Nacional de Academias pertenecientes a la Direcci\u00f3n General de la Educaci\u00f3n Tecnol\u00f3gica Industrial (DGETI), es consolidar las redes acad\u00e9micas as\u00ed como abrir los canales de comunicaci\u00f3n entre los cuerpos colegiados para el intercambio de experiencias y buenas pr\u00e1cticas.<\/p>\n<p>Durante el primer d\u00eda de actividades de este evento denominado \u201cExperiencias y Perspectivas de las Academias sobre la Did\u00e1ctica Educativa Centrada en el Aprendizaje y el Uso de las TIC (Tecnolog\u00edas de la Informaci\u00f3n y la Comunicaci\u00f3n)\u201d, los docentes de matem\u00e1ticas Helen Escalante Lago y Alberto Guti\u00e9rrez Mendoza, de los planteles 53 y 154 de la DGETI en el Distrito Federal, compartieron con los profesores de m\u00e1s de 460 planteles el proyecto piloto \u201cAprendizaje Inverso\u201d.<\/p>\n<p>A trav\u00e9s de invertir los m\u00e9todos tradicionales de la ense\u00f1anza de las matem\u00e1ticas en las aulas, profesores de dicha asignatura de los planteles pertenecientes a la Direcci\u00f3n General de la Educaci\u00f3n Tecnol\u00f3gica Industrial del Distrito Federal,\u00a0 trabajan con alumnos que tuvieron bajo rendimiento escolar y que ahora se han vuelto un grupo selectivo.<\/p>\n<p>Por medio de una plataforma tecnol\u00f3gica denominada \u201cKhana Academy\u201d, 124 j\u00f3venes han puesto en pr\u00e1ctica esta innovadora forma de aprender desde casa y posteriormente reforzar en las aulas el conocimiento. Los docentes pueden utilizar las redes sociales como YouTube, Facebook, Twitter o emplear WhatsApp para impulsar y motivar el aprendizaje de las diferentes materias.<\/p>\n<p>El proyecto busca implementar el aprendizaje inverso como una metodolog\u00eda para mejorar la recepci\u00f3n y lograr la adquisici\u00f3n de las competencias que marca la Reforma Integral de la Educaci\u00f3n Media Superior.<\/p>\n<p>&nbsp;<\/p>\n","protected":false},"excerpt":{"rendered":"<p>Uno de los objetivos de la 1\u00aa Reuni\u00f3n Nacional de Academias pertenecientes a la Direcci\u00f3n General de la Educaci\u00f3n Tecnol\u00f3gica Industrial (DGETI), es consolidar las redes acad\u00e9micas as\u00ed como abrir los canales de comunicaci\u00f3n entre los cuerpos colegiados para el intercambio de experiencias y buenas pr\u00e1cticas.<\/p>\n","protected":false},"author":1,"featured_media":7395,"comment_status":"open","ping_status":"open","sticky":false,"template":"","format":"standard","meta":{"footnotes":""},"categories":[14,3],"tags":[],"class_list":["post-7394","post","type-post","status-publish","format-standard","has-post-thumbnail","hentry","category-destacadas","category-gobierno-del-estado-de-michoacan"],"_links":{"self":[{"href":"https:\/\/radiowebmx.com\/nota\/wp-json\/wp\/v2\/posts\/7394","targetHints":{"allow":["GET"]}}],"collection":[{"href":"https:\/\/radiowebmx.com\/nota\/wp-json\/wp\/v2\/posts"}],"about":[{"href":"https:\/\/radiowebmx.com\/nota\/wp-json\/wp\/v2\/types\/post"}],"author":[{"embeddable":true,"href":"https:\/\/radiowebmx.com\/nota\/wp-json\/wp\/v2\/users\/1"}],"replies":[{"embeddable":true,"href":"https:\/\/radiowebmx.com\/nota\/wp-json\/wp\/v2\/comments?post=7394"}],"version-history":[{"count":2,"href":"https:\/\/radiowebmx.com\/nota\/wp-json\/wp\/v2\/posts\/7394\/revisions"}],"predecessor-version":[{"id":7397,"href":"https:\/\/radiowebmx.com\/nota\/wp-json\/wp\/v2\/posts\/7394\/revisions\/7397"}],"wp:featuredmedia":[{"embeddable":true,"href":"https:\/\/radiowebmx.com\/nota\/wp-json\/wp\/v2\/media\/7395"}],"wp:attachment":[{"href":"https:\/\/radiowebmx.com\/nota\/wp-json\/wp\/v2\/media?parent=7394"}],"wp:term":[{"taxonomy":"category","embeddable":true,"href":"https:\/\/radiowebmx.com\/nota\/wp-json\/wp\/v2\/categories?post=7394"},{"taxonomy":"post_tag","embeddable":true,"href":"https:\/\/radiowebmx.com\/nota\/wp-json\/wp\/v2\/tags?post=7394"}],"curies":[{"name":"wp","href":"https:\/\/api.w.org\/{rel}","templated":true}]}}