{"id":7380,"date":"2014-05-30T11:25:20","date_gmt":"2014-05-30T16:25:20","guid":{"rendered":"https:\/\/radiowebmx.com\/nota\/?p=7380"},"modified":"2014-05-30T11:25:20","modified_gmt":"2014-05-30T16:25:20","slug":"a-mantener-el-camino-de-la-excelencia-llama-manuel-anguiano","status":"publish","type":"post","link":"https:\/\/radiowebmx.com\/nota\/a-mantener-el-camino-de-la-excelencia-llama-manuel-anguiano\/","title":{"rendered":"A MANTENER EL CAMINO DE LA EXCELENCIA, LLAMA MANUEL ANGUIANO"},"content":{"rendered":"<p><a href=\"https:\/\/radiowebmx.com\/nota\/wp-content\/uploads\/2014\/05\/DSCN7887.jpg\"><img loading=\"lazy\" decoding=\"async\" class=\"alignleft size-full wp-image-7381\" alt=\"DSCN7887\" src=\"https:\/\/radiowebmx.com\/nota\/wp-content\/uploads\/2014\/05\/DSCN7887.jpg\" width=\"591\" height=\"330\" srcset=\"https:\/\/radiowebmx.com\/nota\/wp-content\/uploads\/2014\/05\/DSCN7887.jpg 591w, https:\/\/radiowebmx.com\/nota\/wp-content\/uploads\/2014\/05\/DSCN7887-300x167.jpg 300w, https:\/\/radiowebmx.com\/nota\/wp-content\/uploads\/2014\/05\/DSCN7887-284x158.jpg 284w, https:\/\/radiowebmx.com\/nota\/wp-content\/uploads\/2014\/05\/DSCN7887-128x72.jpg 128w\" sizes=\"auto, (max-width: 591px) 100vw, 591px\" \/><\/a>A mantenerse en el camino de la excelencia acad\u00e9mica, forjando j\u00f3venes que son orgullo para sus familias, maestros y el resto de la sociedad, convoc\u00f3 el director general del Colegio de Estudios Cient\u00edficos y Tecnol\u00f3gicos del Estado de Michoac\u00e1n, Manuel Anguiano Cabrera,\u00a0 al dirigirse a maestros y directivos, en el marco de la XXI Jornada Acad\u00e9mica Estatal.<\/p>\n<p>En su mensaje, el titular del CECyTEM, enfatiz\u00f3 que a veintid\u00f3s a\u00f1os de distancia en la creaci\u00f3n del subsistema, se est\u00e1 claramente sobre el camino a la excelencia, prop\u00f3sito con el cual surgi\u00f3 el mismo.<\/p>\n<p>\u201cEs algo que se demuestra en el d\u00eda a d\u00eda dentro de las aulas, con la responsabilidad y el compromiso que en beneficio de los alumnos manifiestan, profesores, directivos y por supuesto los propios padres de familia, para as\u00ed formar una verdadera comunidad educativa\u201d.<\/p>\n<p>Anguiano Cabrera subray\u00f3 que eventos como la Jornada Acad\u00e9mica, son el espacio preciso para ratificar la capacidad de los alumnos y el esfuerzo de sus docentes, adem\u00e1s de que se enmarca en el prop\u00f3sito fundamental del CECyTEM, que consiste en desarrollar y consolidar las ciencias aplicadas como una de las altas prioridades para nuestro pa\u00eds.<\/p>\n<p>En el marco de la Jornada Acad\u00e9mica, las autoridades de la instituci\u00f3n reconocieron a sus alumnos y maestros que en el primer semestre del a\u00f1o han obtenido triunfos dentro de las Olimpiadas Nacionales de Biolog\u00eda, Qu\u00edmica e Inform\u00e1tica.<\/p>\n<p>En Qu\u00edmica se entregaron pergaminos a la alumna, Daniela Acatila y la asesora, Lourdes Zamora, ganadoras de la medalla de plata en la Olimpiada Nacional de Biolog\u00eda; mismo reconocimiento fue para la alumna Ashly Judith Gaspar y el asesor Arturo Cerde\u00f1a, presea de bronce en la Olimpiada Nacional de Qu\u00edmica.<\/p>\n<p>Tambi\u00e9n se otorg\u00f3 reconocimiento a los asesores: Luis Enrique Olivares, Arturo Ponce y Esmeralda Melchor, as\u00ed como a los alumnos, Alejandro Solorio, Mart\u00edn Barriga y Luis Felipe Ayala, quienes se adjudicaron la medalla de bronce en la Olimpiada Nacional de Inform\u00e1tica.<\/p>\n<p>En esta ocasi\u00f3n, la Jornada Acad\u00e9mica se realiz\u00f3 en la cabecera municipal de Tzintzuntzan y cont\u00f3 con la participaci\u00f3n de 141 alumnos, provenientes de 59 de los 93 planteles con que cuenta el CECyTEM; previamente a la fase estatal, se efectuaron etapas selectivas.<\/p>\n<p>En este evento, se eval\u00faa el nivel de conocimiento de los alumnos y se detectan deficiencias a mejorar. El certamen forja adem\u00e1s, un esp\u00edritu de competencia entre los alumnos y profesores.<\/p>\n","protected":false},"excerpt":{"rendered":"<p>A mantenerse en el camino de la excelencia acad\u00e9mica, forjando j\u00f3venes que son orgullo para sus familias, maestros y el resto de la sociedad, convoc\u00f3 el director general del Colegio de Estudios Cient\u00edficos y Tecnol\u00f3gicos del Estado de Michoac\u00e1n, <\/p>\n","protected":false},"author":1,"featured_media":7381,"comment_status":"open","ping_status":"open","sticky":false,"template":"","format":"standard","meta":{"footnotes":""},"categories":[14,3],"tags":[],"class_list":["post-7380","post","type-post","status-publish","format-standard","has-post-thumbnail","hentry","category-destacadas","category-gobierno-del-estado-de-michoacan"],"_links":{"self":[{"href":"https:\/\/radiowebmx.com\/nota\/wp-json\/wp\/v2\/posts\/7380","targetHints":{"allow":["GET"]}}],"collection":[{"href":"https:\/\/radiowebmx.com\/nota\/wp-json\/wp\/v2\/posts"}],"about":[{"href":"https:\/\/radiowebmx.com\/nota\/wp-json\/wp\/v2\/types\/post"}],"author":[{"embeddable":true,"href":"https:\/\/radiowebmx.com\/nota\/wp-json\/wp\/v2\/users\/1"}],"replies":[{"embeddable":true,"href":"https:\/\/radiowebmx.com\/nota\/wp-json\/wp\/v2\/comments?post=7380"}],"version-history":[{"count":2,"href":"https:\/\/radiowebmx.com\/nota\/wp-json\/wp\/v2\/posts\/7380\/revisions"}],"predecessor-version":[{"id":7383,"href":"https:\/\/radiowebmx.com\/nota\/wp-json\/wp\/v2\/posts\/7380\/revisions\/7383"}],"wp:featuredmedia":[{"embeddable":true,"href":"https:\/\/radiowebmx.com\/nota\/wp-json\/wp\/v2\/media\/7381"}],"wp:attachment":[{"href":"https:\/\/radiowebmx.com\/nota\/wp-json\/wp\/v2\/media?parent=7380"}],"wp:term":[{"taxonomy":"category","embeddable":true,"href":"https:\/\/radiowebmx.com\/nota\/wp-json\/wp\/v2\/categories?post=7380"},{"taxonomy":"post_tag","embeddable":true,"href":"https:\/\/radiowebmx.com\/nota\/wp-json\/wp\/v2\/tags?post=7380"}],"curies":[{"name":"wp","href":"https:\/\/api.w.org\/{rel}","templated":true}]}}