{"id":7365,"date":"2014-05-29T11:35:31","date_gmt":"2014-05-29T16:35:31","guid":{"rendered":"https:\/\/radiowebmx.com\/nota\/?p=7365"},"modified":"2014-05-29T11:35:31","modified_gmt":"2014-05-29T16:35:31","slug":"inicia-pgje-averiguacion-previa-con-relacion-a-detenidos-en-el-municipio-de-acuitzio","status":"publish","type":"post","link":"https:\/\/radiowebmx.com\/nota\/inicia-pgje-averiguacion-previa-con-relacion-a-detenidos-en-el-municipio-de-acuitzio\/","title":{"rendered":"Inicia PGJE Averiguaci\u00f3n Previa con relaci\u00f3n a detenidos en el municipio de Acuitzio"},"content":{"rendered":"<p>La Procuradur\u00eda General de Justicia del Estado, inicio Averiguaci\u00f3n Previa con relaci\u00f3n a la detenci\u00f3n de cinco personas, entre ellas el director de Seguridad P\u00fablica del municipio de Madero, por su probable responsabilidad en Delitos Contra la Salud.<\/p>\n<p>Esta acci\u00f3n tuvo lugar en el municipio de Acuitzio donde personal de la Secretar\u00eda de Seguridad P\u00fablica realizaba un operativo de prevenci\u00f3n del delito.<\/p>\n<p>El funcionario municipal se desplazaba \u00a0en una camioneta marca Jeep, color guinda, en la cual fueron localizados 10 paquetes que conten\u00edan hierba verde con caracter\u00edsticas de marihuana, adem\u00e1s se le asegur\u00f3 un arma de fuego, tipo revolver, calibre. 38 especial, con cinco cartuchos \u00fatiles.<\/p>\n<p>A bordo del veh\u00edculo se encontraban otras cuatro personas entre ellas, una persona que se identific\u00f3 como exdirector de Protecci\u00f3n Civil del municipio de Madero.<\/p>\n<p>Los cinco detenidos fueron puestos a disposici\u00f3n de la Procuradur\u00eda General de Justicia, donde se inici\u00f3 la Averiguaci\u00f3n Previa Penal por su probable responsabilidad en Delitos Contra la\u00a0 Salud.<\/p>\n<p>Asimismo, la Procuradur\u00eda General de Justicia hace un llamado para que en caso de tener conocimiento sobre la comisi\u00f3n de otros hechos delictuosos en los que se encuentren relacionados los ahora detenidos, los denuncie a trav\u00e9s del correo electr\u00f3nico: \u00a0<a href=\"mailto:denuncia@comisionmichoacan.gob.mx\" target=\"_blank\">denuncia@comisionmichoacan.gob.mx<\/a>,\u00a0 bajo la premisa de que se habr\u00e1 de actuar sin distingos y con firmeza.<\/p>\n<p>&nbsp;<\/p>\n<p>Con estos trabajos, la Procuradur\u00eda General de Justicia del Estado, refrenda su compromiso de mantener firmes las acciones que lleva a cabo en el marco de la estrategia estatal de seguridad, para cerrar paso a la\u00a0 impunidad y actuar contra quienes tengan v\u00ednculos con los grupos delincuenciales.<\/p>\n","protected":false},"excerpt":{"rendered":"<p>La Procuradur\u00eda General de Justicia del Estado, inicio Averiguaci\u00f3n Previa con relaci\u00f3n a la detenci\u00f3n de cinco personas, entre ellas el director de Seguridad P\u00fablica del municipio de Madero, por su probable responsabilidad en Delitos Contra la Salud.<\/p>\n","protected":false},"author":1,"featured_media":0,"comment_status":"open","ping_status":"open","sticky":false,"template":"","format":"standard","meta":{"footnotes":""},"categories":[14,3],"tags":[],"class_list":["post-7365","post","type-post","status-publish","format-standard","hentry","category-destacadas","category-gobierno-del-estado-de-michoacan"],"_links":{"self":[{"href":"https:\/\/radiowebmx.com\/nota\/wp-json\/wp\/v2\/posts\/7365","targetHints":{"allow":["GET"]}}],"collection":[{"href":"https:\/\/radiowebmx.com\/nota\/wp-json\/wp\/v2\/posts"}],"about":[{"href":"https:\/\/radiowebmx.com\/nota\/wp-json\/wp\/v2\/types\/post"}],"author":[{"embeddable":true,"href":"https:\/\/radiowebmx.com\/nota\/wp-json\/wp\/v2\/users\/1"}],"replies":[{"embeddable":true,"href":"https:\/\/radiowebmx.com\/nota\/wp-json\/wp\/v2\/comments?post=7365"}],"version-history":[{"count":1,"href":"https:\/\/radiowebmx.com\/nota\/wp-json\/wp\/v2\/posts\/7365\/revisions"}],"predecessor-version":[{"id":7366,"href":"https:\/\/radiowebmx.com\/nota\/wp-json\/wp\/v2\/posts\/7365\/revisions\/7366"}],"wp:attachment":[{"href":"https:\/\/radiowebmx.com\/nota\/wp-json\/wp\/v2\/media?parent=7365"}],"wp:term":[{"taxonomy":"category","embeddable":true,"href":"https:\/\/radiowebmx.com\/nota\/wp-json\/wp\/v2\/categories?post=7365"},{"taxonomy":"post_tag","embeddable":true,"href":"https:\/\/radiowebmx.com\/nota\/wp-json\/wp\/v2\/tags?post=7365"}],"curies":[{"name":"wp","href":"https:\/\/api.w.org\/{rel}","templated":true}]}}