{"id":7361,"date":"2014-05-29T11:29:27","date_gmt":"2014-05-29T16:29:27","guid":{"rendered":"https:\/\/radiowebmx.com\/nota\/?p=7361"},"modified":"2014-05-29T11:29:27","modified_gmt":"2014-05-29T16:29:27","slug":"proxima-apertura-de-ventanilla-del-fami-2014","status":"publish","type":"post","link":"https:\/\/radiowebmx.com\/nota\/proxima-apertura-de-ventanilla-del-fami-2014\/","title":{"rendered":"PR\u00d3XIMA APERTURA DE VENTANILLA DEL FAMI 2014"},"content":{"rendered":"<p><a href=\"https:\/\/radiowebmx.com\/nota\/wp-content\/uploads\/2014\/05\/52.jpg\"><img loading=\"lazy\" decoding=\"async\" class=\"alignleft size-full wp-image-7362\" alt=\"5\" src=\"https:\/\/radiowebmx.com\/nota\/wp-content\/uploads\/2014\/05\/52.jpg\" width=\"591\" height=\"280\" srcset=\"https:\/\/radiowebmx.com\/nota\/wp-content\/uploads\/2014\/05\/52.jpg 591w, https:\/\/radiowebmx.com\/nota\/wp-content\/uploads\/2014\/05\/52-300x142.jpg 300w\" sizes=\"auto, (max-width: 591px) 100vw, 591px\" \/><\/a>Del 1 al 30 de junio se abre la ventanilla de recepci\u00f3n de solicitudes para poder accesar al Programa Fondo de Apoyo al Migrante (FAMI) 2014, por ello, la Secretar\u00eda del Migrante (Semigrante), llev\u00f3 a cabo una capacitaci\u00f3n dirigida a los enlaces de los 60 municipios que para este a\u00f1o entrar\u00e1n a dicho programa.<\/p>\n<p>Los migrantes michoacanos que hayan regresado al pa\u00eds con un a\u00f1o de anterioridad a la fecha, o bien, los familiares de \u00e9stos que reciban remesas desde hace tres meses como m\u00ednimo, podr\u00e1n presentar su solicitud ante la oficina de Atenci\u00f3n al Migrante de cada municipio y cumplir con los requisitos establecidos para este Fondo, benefici\u00e1ndose ya sea en el\u00a0 mejoramiento a la vivienda o con proyectos productivos.<\/p>\n<p>El monto de operaci\u00f3n para este 2014, es de 31 millones 603 mil 950 pesos, mismos que ser\u00e1n ejercidos en los municipios que establecen los lineamientos de operaci\u00f3n publicados el 4 de marzo del 2014 en el Diario Oficial de la Federaci\u00f3n; \u00e9stos fueron elegidos en base al n\u00famero de hogares que reciben remesas.<\/p>\n<p>La capacitaci\u00f3n, a la que asistieron presidentes municipales y enlaces de los Centros de Atenci\u00f3n al Migrante, tuvo como finalidad unificar criterios para poder llegar a la meta proyectada para este a\u00f1o de acercar el recurso a quienes m\u00e1s lo necesitan.<\/p>\n<p>Luis Carlos Ch\u00e1vez Santacruz, titular de la Secretar\u00eda del Migrante, se\u00f1al\u00f3 que la administraci\u00f3n de Fausto Vallejo Figueroa, es un Gobierno municipalista, pues son los ayuntamientos quienes tienen el pulso de las necesidades de cada uno de sus ciudadanos, por lo que ser\u00e1n ellos quienes decidan la distribuci\u00f3n de los apoyos en sus dos vertientes.<\/p>\n<p>Ch\u00e1vez Santacruz recalc\u00f3 la necesidad de reconocer en todo momento a los connacionales, \u201cquienes d\u00eda a d\u00eda hacen un esfuerzo por su Estado y sus familias, por lo que nosotros tenemos que apoyarlos haciendo un buen uso del recurso p\u00fablico, ejerciendo cada peso con transparencia y honestidad, para que en conjunto podamos salir adelante\u201d, dijo.<\/p>\n<p>Por su parte, Manuel Alejandro Vega, coordinador de Proyectos de Desarrollo de la Semigrante, destac\u00f3 que la intenci\u00f3n de este Fondo es generar opciones de empleo en las comunidades de origen de los migrantes, logrando con ello que el FAMI se siga consolidado como uno de los principales programas de fomento al autoempleo de esta administraci\u00f3n.<\/p>\n<p>Durante esta capacitaci\u00f3n los temas abordados fueron: Mecanismos de operaci\u00f3n del programa; Presentaci\u00f3n de los formatos que deber\u00e1n conformar el expediente y su llenado; Documentos comprobatorios para la solicitud del apoyo; Criterios que ser\u00e1n utilizados para su elegibilidad y, Presentaci\u00f3n de los lineamientos de operaci\u00f3n.<\/p>\n<p>Cabe recordar que el FAMI es un programa de car\u00e1cter federal subsidiado por la Secretar\u00eda de Hacienda y Cr\u00e9dito P\u00fablico, operado en el Gobierno del Estado por la Secretar\u00eda del Migrante, en el que su poblaci\u00f3n objetivo son los migrantes en retorno y las familias que reciben remesas, los cuales se han visto afectados por la situaci\u00f3n actual en los Estados Unidos de Am\u00e9rica y la crisis econ\u00f3mica mundial.<\/p>\n","protected":false},"excerpt":{"rendered":"<p>Del 1 al 30 de junio se abre la ventanilla de recepci\u00f3n de solicitudes para poder accesar al Programa Fondo de Apoyo al Migrante (FAMI) 2014, por ello, la Secretar\u00eda del Migrante (Semigrante), llev\u00f3 a cabo una capacitaci\u00f3n dirigida a los enlaces de los 60 municipios que para este a\u00f1o entrar\u00e1n a dicho programa.<\/p>\n","protected":false},"author":1,"featured_media":7362,"comment_status":"open","ping_status":"open","sticky":false,"template":"","format":"standard","meta":{"footnotes":""},"categories":[14,3],"tags":[],"class_list":["post-7361","post","type-post","status-publish","format-standard","has-post-thumbnail","hentry","category-destacadas","category-gobierno-del-estado-de-michoacan"],"_links":{"self":[{"href":"https:\/\/radiowebmx.com\/nota\/wp-json\/wp\/v2\/posts\/7361","targetHints":{"allow":["GET"]}}],"collection":[{"href":"https:\/\/radiowebmx.com\/nota\/wp-json\/wp\/v2\/posts"}],"about":[{"href":"https:\/\/radiowebmx.com\/nota\/wp-json\/wp\/v2\/types\/post"}],"author":[{"embeddable":true,"href":"https:\/\/radiowebmx.com\/nota\/wp-json\/wp\/v2\/users\/1"}],"replies":[{"embeddable":true,"href":"https:\/\/radiowebmx.com\/nota\/wp-json\/wp\/v2\/comments?post=7361"}],"version-history":[{"count":2,"href":"https:\/\/radiowebmx.com\/nota\/wp-json\/wp\/v2\/posts\/7361\/revisions"}],"predecessor-version":[{"id":7364,"href":"https:\/\/radiowebmx.com\/nota\/wp-json\/wp\/v2\/posts\/7361\/revisions\/7364"}],"wp:featuredmedia":[{"embeddable":true,"href":"https:\/\/radiowebmx.com\/nota\/wp-json\/wp\/v2\/media\/7362"}],"wp:attachment":[{"href":"https:\/\/radiowebmx.com\/nota\/wp-json\/wp\/v2\/media?parent=7361"}],"wp:term":[{"taxonomy":"category","embeddable":true,"href":"https:\/\/radiowebmx.com\/nota\/wp-json\/wp\/v2\/categories?post=7361"},{"taxonomy":"post_tag","embeddable":true,"href":"https:\/\/radiowebmx.com\/nota\/wp-json\/wp\/v2\/tags?post=7361"}],"curies":[{"name":"wp","href":"https:\/\/api.w.org\/{rel}","templated":true}]}}