{"id":7357,"date":"2014-05-29T11:27:03","date_gmt":"2014-05-29T16:27:03","guid":{"rendered":"https:\/\/radiowebmx.com\/nota\/?p=7357"},"modified":"2014-05-29T11:27:03","modified_gmt":"2014-05-29T16:27:03","slug":"fomentan-la-salud-fisica-y-mental-en-jovenes-de-tierra-caliente","status":"publish","type":"post","link":"https:\/\/radiowebmx.com\/nota\/fomentan-la-salud-fisica-y-mental-en-jovenes-de-tierra-caliente\/","title":{"rendered":"FOMENTAN LA SALUD F\u00cdSICA Y MENTAL EN J\u00d3VENES DE TIERRA CALIENTE"},"content":{"rendered":"<p><a href=\"https:\/\/radiowebmx.com\/nota\/wp-content\/uploads\/2014\/05\/SEJOVEN-1.jpg\"><img loading=\"lazy\" decoding=\"async\" class=\"alignleft size-full wp-image-7358\" alt=\"SEJOVEN (1)\" src=\"https:\/\/radiowebmx.com\/nota\/wp-content\/uploads\/2014\/05\/SEJOVEN-1.jpg\" width=\"591\" height=\"253\" srcset=\"https:\/\/radiowebmx.com\/nota\/wp-content\/uploads\/2014\/05\/SEJOVEN-1.jpg 591w, https:\/\/radiowebmx.com\/nota\/wp-content\/uploads\/2014\/05\/SEJOVEN-1-300x128.jpg 300w\" sizes=\"auto, (max-width: 591px) 100vw, 591px\" \/><\/a>Bajo el argumento de que para lograr una meta o un sue\u00f1o, es necesario tener determinaci\u00f3n y disciplina, pero adem\u00e1s, debe trabajarse con un cuerpo y una mente sanos; el director t\u00e9cnico de la Selecci\u00f3n Mexicana Sub 17, ganadora del Campeonato 2005 en Per\u00fa, Jes\u00fas Ram\u00edrez Ruvalcaba, imparti\u00f3 conferencias a cerca de 2 mil j\u00f3venes michoacanos de la Regi\u00f3n Tierra Caliente de la entidad.<\/p>\n<p>Como parte de la estrategia de los Gobiernos Federal y Estatal para la recomposici\u00f3n del tejido social, adem\u00e1s de incentivar en j\u00f3venes el deporte y las buenas pr\u00e1cticas, en esta ocasi\u00f3n fueron los municipios de Buenavista y M\u00fagica los que recibieron al exitoso entrenador, quien con un grupo de muchachos, desconocidos en aquel entonces, logr\u00f3 darle una de las mayores satisfacciones deportivas al pa\u00eds.<\/p>\n<p>Bajo el t\u00edtulo de &#8220;Salud Integral Juvenil&#8221;, y acompa\u00f1ado por Jos\u00e9 Manuel Romero Coello y Francisco Xavier Lara Medina, titulares de Instituto Mexicano de la Juventud y la Secretar\u00eda de los J\u00f3venes del Estado, respectivamente, Ram\u00edrez Ruvalcaba recorri\u00f3 los municipios de Tierra Caliente.<\/p>\n<p>Por m\u00e1s de hora y media, en cada una de las sedes <i>Chucho<\/i> Ram\u00edrez comparti\u00f3 el largo camino que junto a dos docenas de j\u00f3venes y otros 10 so\u00f1adores de su equipo t\u00e9cnico, emprendi\u00f3 con una sola meta en la cabeza: ser campeones del mundo.<\/p>\n<p>Record\u00f3 como poco a poco fueron ganando el partido m\u00e1s importante, el que enfrentaron ante el factor mental, ante el paradigma de &#8220;los ratones verdes&#8221;; del &#8220;jugamos como nunca, perdimos como siempre&#8221;; del &#8220;s\u00ed se puede&#8221; al &#8220;ya se pudo\u201d.<\/p>\n<p>El tambi\u00e9n comentarista deportivo comparti\u00f3 con los asistentes a ambas conferencias la trascendencia de un logro como el ganar un Campeonato del Mundo, lo cual va m\u00e1s all\u00e1 de lo deportivo, pues represent\u00f3 una muestra de lo que la tenacidad y la disciplina pueden lograr.<\/p>\n<p>&#8220;Enfrent\u00e1bamos a jugadores m\u00e1s fuertes, m\u00e1s altos, m\u00e1s t\u00e9cnicos tal vez, pero no con mayor determinaci\u00f3n para ser campeones que nosotros&#8221;, se\u00f1al\u00f3. &#8220;Nosotros salimos de M\u00e9xico ya siendo campeones. Nos faltaba ganar los partidos, pero est\u00e1bamos convencidos que lo lograr\u00edamos&#8221;, reiter\u00f3.<\/p>\n<p>La determinaci\u00f3n, aprendida a lo largo de un proceso, no es exclusiva de los deportistas, pero s\u00ed de las personas exitosas en cualquier \u00e1mbito de la vida, coment\u00f3 el l\u00edder de la llamada Generaci\u00f3n Dorada del f\u00fatbol mexicano, compuesta por j\u00f3venes que hoy son referentes a nivel mundial, como Patricio Araujo, Giovani Do Santos, H\u00e9ctor Moreno y Carlos Vela.<\/p>\n<p>Durante su intervenci\u00f3n, Jos\u00e9. Manuel Romero Coello, director del IMJUVE, felicit\u00f3 a los encargados de las pol\u00edticas en materia de juventud, tanto a nivel estatal como en los municipios sedes, porque se ha logrado conjuntar el trabajo entre los tres niveles de Gobierno, en favor de este sector, que afirm\u00f3 es &#8220;fundamental para el desarrollo integral de Michoac\u00e1n y de todo M\u00e9xico&#8221;.<\/p>\n<p>Finalmente, Francisco Lara, titular de SEJOVEN, anunci\u00f3 que continuar\u00e1n extendiendo los programas y acciones de gobierno que permitan a los j\u00f3venes ampliar su visi\u00f3n de futuro y encontrar, en diversos \u00e1mbitos cotidianos, en el marco de la legalidad y la sana convivencia, la inspiraci\u00f3n para trascender y generar un mejor presente para Michoac<\/p>\n","protected":false},"excerpt":{"rendered":"<p>Bajo el argumento de que para lograr una meta o un sue\u00f1o, es necesario tener determinaci\u00f3n y disciplina, pero adem\u00e1s, debe trabajarse con un cuerpo y una mente sanos; el director t\u00e9cnico de la Selecci\u00f3n Mexicana Sub 17,<\/p>\n","protected":false},"author":1,"featured_media":7358,"comment_status":"open","ping_status":"open","sticky":false,"template":"","format":"standard","meta":{"footnotes":""},"categories":[14,3],"tags":[],"class_list":["post-7357","post","type-post","status-publish","format-standard","has-post-thumbnail","hentry","category-destacadas","category-gobierno-del-estado-de-michoacan"],"_links":{"self":[{"href":"https:\/\/radiowebmx.com\/nota\/wp-json\/wp\/v2\/posts\/7357","targetHints":{"allow":["GET"]}}],"collection":[{"href":"https:\/\/radiowebmx.com\/nota\/wp-json\/wp\/v2\/posts"}],"about":[{"href":"https:\/\/radiowebmx.com\/nota\/wp-json\/wp\/v2\/types\/post"}],"author":[{"embeddable":true,"href":"https:\/\/radiowebmx.com\/nota\/wp-json\/wp\/v2\/users\/1"}],"replies":[{"embeddable":true,"href":"https:\/\/radiowebmx.com\/nota\/wp-json\/wp\/v2\/comments?post=7357"}],"version-history":[{"count":1,"href":"https:\/\/radiowebmx.com\/nota\/wp-json\/wp\/v2\/posts\/7357\/revisions"}],"predecessor-version":[{"id":7360,"href":"https:\/\/radiowebmx.com\/nota\/wp-json\/wp\/v2\/posts\/7357\/revisions\/7360"}],"wp:featuredmedia":[{"embeddable":true,"href":"https:\/\/radiowebmx.com\/nota\/wp-json\/wp\/v2\/media\/7358"}],"wp:attachment":[{"href":"https:\/\/radiowebmx.com\/nota\/wp-json\/wp\/v2\/media?parent=7357"}],"wp:term":[{"taxonomy":"category","embeddable":true,"href":"https:\/\/radiowebmx.com\/nota\/wp-json\/wp\/v2\/categories?post=7357"},{"taxonomy":"post_tag","embeddable":true,"href":"https:\/\/radiowebmx.com\/nota\/wp-json\/wp\/v2\/tags?post=7357"}],"curies":[{"name":"wp","href":"https:\/\/api.w.org\/{rel}","templated":true}]}}