{"id":7353,"date":"2014-05-29T11:17:32","date_gmt":"2014-05-29T16:17:32","guid":{"rendered":"https:\/\/radiowebmx.com\/nota\/?p=7353"},"modified":"2014-05-29T11:17:32","modified_gmt":"2014-05-29T16:17:32","slug":"michoacan-pionero-nacional-en-establecer-protocolo-de-atencion-a-la-violencia-escolar","status":"publish","type":"post","link":"https:\/\/radiowebmx.com\/nota\/michoacan-pionero-nacional-en-establecer-protocolo-de-atencion-a-la-violencia-escolar\/","title":{"rendered":"MICHOAC\u00c1N, PIONERO NACIONAL EN ESTABLECER PROTOCOLO DE ATENCI\u00d3N A LA VIOLENCIA ESCOLAR"},"content":{"rendered":"<p>Michoac\u00e1n es uno de los primeros estados de la Rep\u00fablica en contar con un protocolo especializado en la prevenci\u00f3n, detecci\u00f3n y atenci\u00f3n de los casos de violencia escolar, que en comparaci\u00f3n con el trabajo que se realiza en otras entidades, establece medidas precisas para identificar y dar seguimiento a las situaciones de acoso escolar o el tambi\u00e9n llamado \u201cbullying\u201d, as\u00ed como mecanismos para evitar que se repita el incidente y tambi\u00e9n, tratar de reparar el da\u00f1o.<\/p>\n<p>Para la construcci\u00f3n de un Nuevo Michoac\u00e1n, el Michoac\u00e1n que todos queremos, debe erradicarse la violencia en todos sus \u00e1mbitos y modalidades, sin soslayar a esa que afecta a los ni\u00f1os y j\u00f3venes en el seno de las aulas; de ah\u00ed que desde el 2012, en cumplimiento a la Ley para la atenci\u00f3n a la Violencia Escolar y atendiendo la instrucci\u00f3n del gobernador Fausto Vallejo Figueroa, se instal\u00f3 el Consejo Preventivo de Violencia Escolar (COPREVEEM), mismo que involucra el trabajo de padres de familia, maestros, instituciones acad\u00e9micas y dependencias gubernamentales, para prevenir los actos de violencia en el entorno estudiantil.<\/p>\n<p>\u201cEl gobernador Fausto Vallejo est\u00e1 interesado en que se atienda con oportunidad y sensibilidad cualquier situaci\u00f3n que se presente en el tema de violencia escolar; de ah\u00ed el trabajo permanente y continuo del COPREVEEM para difundir el protocolo y que los planteles de todo el estado sepan c\u00f3mo prevenir y qu\u00e9 hacer en caso de presentarse estos incidentes\u201d, dijo el presidente suplente de dicho organismo Arnulfo Sandoval Cervantes.<\/p>\n<p>Record\u00f3 que el 10 de agosto de 2012, la LXXII Legislatura local aprob\u00f3 la Ley para la Atenci\u00f3n de la Violencia Escolar en Michoac\u00e1n, misma que el Ejecutivo public\u00f3 en el Peri\u00f3dico Oficial del Estado el 17 de agosto de 2012 y fue el 6\u00a0 de noviembre de ese mismo a\u00f1o que se instal\u00f3 formalmente\u00a0el Consejo Preventivo de Violencia Escolar.<\/p>\n<p>Detall\u00f3 que el a\u00f1o pasado el trabajo del \u00f3rgano colegiado consisti\u00f3 en la creaci\u00f3n del Protocolo de Intervenci\u00f3n Sobre Violencia Escolar, cuyo prop\u00f3sito es impulsar la implementaci\u00f3n y el desarrollo de acciones necesarias para garantizar el cumplimiento de los deberes y el ejercicio de los derechos de los miembros de la comunidad educativa, previniendo, atendiendo y solucionando los actos de violencia escolar.<\/p>\n<p>Este protocolo opera en cuatro modalidades; la Primaria, que consiste en la concientizaci\u00f3n y sensibilizaci\u00f3n a toda la comunidad escolar sobre la violencia, sus causas y efectos, es decir, se enfoca en la promoci\u00f3n del desarrollo de habilidades de sana convivencia dentro del plantel.<\/p>\n<p>La Secundaria, se\u00f1ala el riesgo de convertirse en v\u00edctimas o generadores de violencia escolar. La Terciar\u00eda, est\u00e1 enfocada en atenci\u00f3n a las v\u00edctimas o generadoras de violencia, mediante acciones para prevenir la reincidencia, as\u00ed como para reforzar la sana convivencia en el entorno; en esta etapa se apoya con organizaciones sociales, es decir, implica el compromiso de los diferentes actores. La Cuarta modalidad, tiene que ver con las medidas de apoyo y seguimiento al suceso.<\/p>\n<p>Arnulfo Sandoval explic\u00f3 que este a\u00f1o, el Consejo trabaja en reforzar las acciones de difusi\u00f3n y promoci\u00f3n del protocolo, puesto que ya se inform\u00f3 y entreg\u00f3 el documento detallado a los jefes de sector de Primarias y Preescolar, as\u00ed como jefes de ense\u00f1anza de Secundarias T\u00e9cnicas, y ahora debe fortalecerse a nivel de directores de los planteles. \u201cLa meta es que todas las escuelas de Michoac\u00e1n conozcan y apliquen el protocolo\u201d, apunt\u00f3.<\/p>\n<p><b>EL BULLYING, UN FEN\u00d3MENO SOCIAL EN AUMENTO<\/b><\/p>\n<p>El fen\u00f3meno del acoso escolar, conocido como \u201cbullying\u201d, es un acto de maltrato f\u00edsico, emocional, verbal e incluso sexual entre alumnos, que se realiza de forma reiterativa dentro de los centros escolares.<\/p>\n<p>Este tipo de violencia puede ser en las personas por agresiones alumno-alumno, alumno-maestro; en las cosas, como la desaparici\u00f3n, extracci\u00f3n o destrucci\u00f3n de objetos personales; en el aspecto psico-emocional al intimidar o controlar acciones, con prohibiciones, chantajes o amenazas; y en el aspecto sexual, a trav\u00e9s de situaciones que pongan en riesgo o lesionen el desarrollo psico-emocional de los estudiantes.<\/p>\n<p>Este tipo de incidentes se han socializado en los \u00faltimos a\u00f1os debido a su divulgaci\u00f3n en las redes sociales y lamentablemente, en nuestro pa\u00eds ya han cobrado v\u00edctimas mortales, como el reciente suceso acontecido en el estado de Tamaulipas.<\/p>\n<p>Al respecto, Arnulfo Sandoval mencion\u00f3 que otro de los objetivos del COPREVEEM es atender esos casos con el acompa\u00f1amiento de la Comisi\u00f3n Estatal de Derechos Humanos, pues la prioridad del consejo es velar por la integridad f\u00edsica de los educandos y hacer valer sus derechos.<\/p>\n<p>Refiri\u00f3 que una de las tareas del organismo, consiste tambi\u00e9n en realizar un diagn\u00f3stico de los casos de acoso escolar en la entidad, mismo que est\u00e1 por culminar y cuyos resultados se dar\u00e1n a conocer el mes entrante en el marco del Primer Foro de Violencia Escolar, que congregar\u00e1 a especialistas sobre el tema para ampliar a la poblaci\u00f3n la informaci\u00f3n de c\u00f3mo prevenir y atender el bullying.<\/p>\n<p>Sandoval Cervantes se\u00f1al\u00f3 que desde su instalaci\u00f3n, el Consejo \u00fanicamente ha atendido un caso de bullying que tuvo lugar en la Escuela Primaria \u201cHermanos Serd\u00e1n\u201d de esta capital michoacana, por lo que asever\u00f3, es necesario que la poblaci\u00f3n, en especial los padres de familia y maestros, sepan c\u00f3mo identificar el acoso escolar y se atrevan a denunciarlo.<\/p>\n<p>\u201cLa violencia escolar no es s\u00f3lo responsabilidad de los maestros, sino de todos: en el seno familiar, el entorno social; debemos trabajar en fomentar los valores, la convivencia sana, el que haya mayor respeto, pues s\u00f3lo as\u00ed podemos construir el Michoac\u00e1n que queremos\u201d, finaliz\u00f3.<\/p>\n<p>Cabe mencionar que el COPREVEEM atiende a la poblaci\u00f3n en general mediante los correos electr\u00f3nicos <a href=\"mailto:Copreveem@michoacan.gob.mx\">Copreveem@michoacan.gob.mx<\/a> y <a href=\"mailto:copreveem@gmail.com\">copreveem@gmail.com<\/a>, o bien en la lada sin costo: 01-800-831-5230.<\/p>\n<p>&nbsp;<\/p>\n","protected":false},"excerpt":{"rendered":"<p>Michoac\u00e1n es uno de los primeros estados de la Rep\u00fablica en contar con un protocolo especializado en la prevenci\u00f3n, detecci\u00f3n y atenci\u00f3n de los casos de violencia escolar, que en comparaci\u00f3n con el trabajo que se realiza en otras entidades,<\/p>\n","protected":false},"author":1,"featured_media":7354,"comment_status":"open","ping_status":"open","sticky":false,"template":"","format":"standard","meta":{"footnotes":""},"categories":[14,3],"tags":[],"class_list":["post-7353","post","type-post","status-publish","format-standard","has-post-thumbnail","hentry","category-destacadas","category-gobierno-del-estado-de-michoacan"],"_links":{"self":[{"href":"https:\/\/radiowebmx.com\/nota\/wp-json\/wp\/v2\/posts\/7353","targetHints":{"allow":["GET"]}}],"collection":[{"href":"https:\/\/radiowebmx.com\/nota\/wp-json\/wp\/v2\/posts"}],"about":[{"href":"https:\/\/radiowebmx.com\/nota\/wp-json\/wp\/v2\/types\/post"}],"author":[{"embeddable":true,"href":"https:\/\/radiowebmx.com\/nota\/wp-json\/wp\/v2\/users\/1"}],"replies":[{"embeddable":true,"href":"https:\/\/radiowebmx.com\/nota\/wp-json\/wp\/v2\/comments?post=7353"}],"version-history":[{"count":2,"href":"https:\/\/radiowebmx.com\/nota\/wp-json\/wp\/v2\/posts\/7353\/revisions"}],"predecessor-version":[{"id":7356,"href":"https:\/\/radiowebmx.com\/nota\/wp-json\/wp\/v2\/posts\/7353\/revisions\/7356"}],"wp:featuredmedia":[{"embeddable":true,"href":"https:\/\/radiowebmx.com\/nota\/wp-json\/wp\/v2\/media\/7354"}],"wp:attachment":[{"href":"https:\/\/radiowebmx.com\/nota\/wp-json\/wp\/v2\/media?parent=7353"}],"wp:term":[{"taxonomy":"category","embeddable":true,"href":"https:\/\/radiowebmx.com\/nota\/wp-json\/wp\/v2\/categories?post=7353"},{"taxonomy":"post_tag","embeddable":true,"href":"https:\/\/radiowebmx.com\/nota\/wp-json\/wp\/v2\/tags?post=7353"}],"curies":[{"name":"wp","href":"https:\/\/api.w.org\/{rel}","templated":true}]}}