{"id":7349,"date":"2014-05-29T11:10:40","date_gmt":"2014-05-29T16:10:40","guid":{"rendered":"https:\/\/radiowebmx.com\/nota\/?p=7349"},"modified":"2014-05-29T11:10:40","modified_gmt":"2014-05-29T16:10:40","slug":"prioridad-para-el-sector-salud-reducir-la-mortalidad-materna-y-por-cancer-cervico-uterino-y-de-mama","status":"publish","type":"post","link":"https:\/\/radiowebmx.com\/nota\/prioridad-para-el-sector-salud-reducir-la-mortalidad-materna-y-por-cancer-cervico-uterino-y-de-mama\/","title":{"rendered":"PRIORIDAD PARA EL SECTOR SALUD, REDUCIR LA MORTALIDAD MATERNA, Y POR C\u00c1NCER C\u00c9RVICO-UTERINO Y DE MAMA"},"content":{"rendered":"<p><a href=\"https:\/\/radiowebmx.com\/nota\/wp-content\/uploads\/2014\/05\/IMG_8438.jpg\"><img loading=\"lazy\" decoding=\"async\" class=\"alignleft size-full wp-image-7350\" alt=\"IMG_8438\" src=\"https:\/\/radiowebmx.com\/nota\/wp-content\/uploads\/2014\/05\/IMG_8438.jpg\" width=\"591\" height=\"298\" srcset=\"https:\/\/radiowebmx.com\/nota\/wp-content\/uploads\/2014\/05\/IMG_8438.jpg 591w, https:\/\/radiowebmx.com\/nota\/wp-content\/uploads\/2014\/05\/IMG_8438-300x151.jpg 300w\" sizes=\"auto, (max-width: 591px) 100vw, 591px\" \/><\/a>Durante las actividades para conmemorar el D\u00eda Internacional de Acciones por la Salud en favor de las Mujeres, el secretario de Salud en Michoac\u00e1n, Rafael D\u00edaz Rodr\u00edguez, se\u00f1al\u00f3 que desde la perspectiva de salud, no se puede celebrar este d\u00eda si no nos ocupamos en reducir la mortalidad materna, el embarazo en adolescentes, el c\u00e1ncer de mama y c\u00e9rvico-uterino, y si no vigilamos que todas las ni\u00f1as y adolescentes sean protegidas con el esquema universal de vacunaci\u00f3n.<\/p>\n<p>&nbsp;<\/p>\n<p>En ese sentido, detall\u00f3 que hace m\u00e1s de 25 a\u00f1os, un grupo de mujeres reunidas en Costa Rica propusieron que el d\u00eda 28 de mayo se designara como el D\u00eda Internacional de Acciones por la Salud en favor de las Mujeres.<\/p>\n<p>&nbsp;<\/p>\n<p>\u201cDesde entonces a la fecha, la lucha por los derechos civiles, pol\u00edticos y reproductivos de las mujeres, ha estado en la discusi\u00f3n social. Hay sociedades donde los avances reivindicativos de los derechos de las mujeres han sido verdaderamente revolucionarios\u201d, extern\u00f3 D\u00edaz Rodr\u00edguez.<\/p>\n<p>&nbsp;<\/p>\n<p>Puntualiz\u00f3 que en muchos pa\u00edses europeos las mujeres deciden sobre muchas cosas, no s\u00f3lo de su vida personal, sino tambi\u00e9n son protagonistas en discusiones pol\u00edticas y econ\u00f3micas que definen el rumbo de su propia sociedad.<\/p>\n<p>&nbsp;<\/p>\n<p>El titular de la Secretar\u00eda de Salud en el Estado (SSM), subray\u00f3 que en M\u00e9xico hemos avanzado en este mismo camino, aunque sin duda hace falta consolidar el posicionamiento social de la mujer mexicana; y es que dijo, no s\u00f3lo se trata de asuntos legislativos y de pol\u00edticas p\u00fablicas que en el discurso otorguen libertades y derechos.<\/p>\n<p>&nbsp;<\/p>\n<p>\u201cSe trata fundamentalmente de que toda la sociedad, pero especialmente los varones en la cotidianidad de nuestra vida, asumamos el compromiso de dignificar a las mujeres\u201d, abund\u00f3.<\/p>\n<p>&nbsp;<\/p>\n<p>Acot\u00f3 Rafael D\u00edaz, que el concepto de \u201cg\u00e9nero\u201d no est\u00e1 en la naturaleza, sino en las condiciones socioculturales de cada sociedad, ya que es muy importante proponerse reducir las barreras que por cuesti\u00f3n de g\u00e9nero los hacen diferentes, y los obligan a desempe\u00f1ar roles aparentemente incompatibles: \u201cfrente a cuestiones como el trabajo, la maternidad, la paternidad y la responsabilidad social y moral, todos somos iguales, y es est\u00e1 la igualdad por la que tenemos que luchar en el futuro\u201d, enfatiz\u00f3.<\/p>\n<p>&nbsp;<\/p>\n<p>Asimismo, agradeci\u00f3 la presencia de la secretaria de la Mujer en la entidad, Consuelo Muro Urista, con quien la Secretar\u00eda de Salud mantiene una vinculaci\u00f3n importante en acciones a favor de la salud de las mujeres, no s\u00f3lo este d\u00eda sino todos los d\u00edas del a\u00f1o.<\/p>\n<p>&nbsp;<\/p>\n<p>\u201cTambi\u00e9n agradezco la presencia de la presidenta Honoraria del Voluntariado Estatal de Salud, la se\u00f1ora Norah Alicia Trevi\u00f1o; la presidenta del Club Rotario \u201cMorelia Acueducto\u201d, Rosa Mar\u00eda Mora y la Administradora de la UNEME-DEDICAM, Silvia Garc\u00eda Bucio, todas ellas mujeres l\u00edderes de opini\u00f3n que desde su propia trinchera mantienen esta lucha a favor de las f\u00e9minas\u201d, finaliz\u00f3 el secretario de Salud.<\/p>\n<p>&nbsp;<\/p>\n<p>En su oportunidad, Consuelo Muro Urista, titular de la Secretar\u00eda de la Mujer, destac\u00f3 que uno de los compromisos de la actual Administraci\u00f3n es impulsar la ense\u00f1anza y el respeto de los Derechos Humanos, en especial la no discriminaci\u00f3n y la convivencia sin violencia.<\/p>\n<p>&nbsp;<\/p>\n<p>\u201cEn Michoac\u00e1n existen 248 mil madres jefas de familia de acuerdo al INEGI, las cuales enfrentan una gran cantidad de problemas con los cuales tienen que lidiar de manera autom\u00e1tica para lograr salir adelante. En estos tiempos la formaci\u00f3n de las familias ha ido variando, habiendo actualmente m\u00e1s madres jefas de familia que afrontan este reto y no es nada f\u00e1cil, otras mujeres que inician su vida con un matrimonio constituido y tambi\u00e9n deben afrontar el reto cuando se rompe el matrimonio\u201d, declar\u00f3.<\/p>\n<p>&nbsp;<\/p>\n<p>Muro Urista, expuso que uno de los programas en donde m\u00e1s demandas se tienen es sobre las enfermedades relacionadas con la mujer, en coordinaci\u00f3n con la Secretar\u00eda de Salud Estatal se han llevado a cabo talleres de capacitaci\u00f3n en materia de salud beneficiaron a m\u00e1s de 18 mil 500 personas\u201d, apunt\u00f3.<\/p>\n<p>&nbsp;<\/p>\n<p>La titular de SEMUJER, detall\u00f3 que con el apoyo de la Unidad M\u00f3vil se han realizado estudios de Papanicolaou y mastograf\u00edas, y de distribuci\u00f3n del \u00e1cido f\u00f3lico donde diariamente dentro de la Coordinaci\u00f3n de Atenci\u00f3n y Gesti\u00f3n realizan un aproximado de 15 canalizaciones mensuales relacionadas con la salud, las cuales tienen una respuesta positiva.<\/p>\n<p>&nbsp;<\/p>\n<p>Durante la celebraci\u00f3n del D\u00eda Internacional de Acciones por la Salud en favor de las Mujeres \u201cMaternidad, Paternidad desde la Complejidad\u201d, se abordaron temas como: Anticoncepci\u00f3n; Paternidad desde la Complejidad; Maternidad y su Complejidad.<\/p>\n<p>&nbsp;<\/p>\n<p>En el evento tambi\u00e9n se cont\u00f3 con la asistencia del director de Servicios de Salud de la SSM, Julio Fernando Nocetti Tiznado y el jefe del Departamento de Salud Reproductiva, Eduardo P\u00e9rez Cruz.<\/p>\n","protected":false},"excerpt":{"rendered":"<p>Durante las actividades para conmemorar el D\u00eda Internacional de Acciones por la Salud en favor de las Mujeres, el secretario de Salud en Michoac\u00e1n, Rafael D\u00edaz Rodr\u00edguez, <\/p>\n","protected":false},"author":1,"featured_media":7350,"comment_status":"open","ping_status":"open","sticky":false,"template":"","format":"standard","meta":{"footnotes":""},"categories":[14,3],"tags":[],"class_list":["post-7349","post","type-post","status-publish","format-standard","has-post-thumbnail","hentry","category-destacadas","category-gobierno-del-estado-de-michoacan"],"_links":{"self":[{"href":"https:\/\/radiowebmx.com\/nota\/wp-json\/wp\/v2\/posts\/7349","targetHints":{"allow":["GET"]}}],"collection":[{"href":"https:\/\/radiowebmx.com\/nota\/wp-json\/wp\/v2\/posts"}],"about":[{"href":"https:\/\/radiowebmx.com\/nota\/wp-json\/wp\/v2\/types\/post"}],"author":[{"embeddable":true,"href":"https:\/\/radiowebmx.com\/nota\/wp-json\/wp\/v2\/users\/1"}],"replies":[{"embeddable":true,"href":"https:\/\/radiowebmx.com\/nota\/wp-json\/wp\/v2\/comments?post=7349"}],"version-history":[{"count":2,"href":"https:\/\/radiowebmx.com\/nota\/wp-json\/wp\/v2\/posts\/7349\/revisions"}],"predecessor-version":[{"id":7352,"href":"https:\/\/radiowebmx.com\/nota\/wp-json\/wp\/v2\/posts\/7349\/revisions\/7352"}],"wp:featuredmedia":[{"embeddable":true,"href":"https:\/\/radiowebmx.com\/nota\/wp-json\/wp\/v2\/media\/7350"}],"wp:attachment":[{"href":"https:\/\/radiowebmx.com\/nota\/wp-json\/wp\/v2\/media?parent=7349"}],"wp:term":[{"taxonomy":"category","embeddable":true,"href":"https:\/\/radiowebmx.com\/nota\/wp-json\/wp\/v2\/categories?post=7349"},{"taxonomy":"post_tag","embeddable":true,"href":"https:\/\/radiowebmx.com\/nota\/wp-json\/wp\/v2\/tags?post=7349"}],"curies":[{"name":"wp","href":"https:\/\/api.w.org\/{rel}","templated":true}]}}