{"id":7346,"date":"2014-05-29T11:02:14","date_gmt":"2014-05-29T16:02:14","guid":{"rendered":"https:\/\/radiowebmx.com\/nota\/?p=7346"},"modified":"2014-05-29T11:02:14","modified_gmt":"2014-05-29T16:02:14","slug":"esencial-poner-mas-atencion-en-el-desempeno-de-los-servidores-publicos-maria-eugenia-mendez","status":"publish","type":"post","link":"https:\/\/radiowebmx.com\/nota\/esencial-poner-mas-atencion-en-el-desempeno-de-los-servidores-publicos-maria-eugenia-mendez\/","title":{"rendered":"Esencial poner m\u00e1s atenci\u00f3n en el desempe\u00f1o de los servidores p\u00fablicos: Mar\u00eda Eugenia M\u00e9ndez"},"content":{"rendered":"<p>\u201cEl correcto ejercicio en la administraci\u00f3n p\u00fablica representa un factor fundamental para el desarrollo de cualquier sociedad, \u00a0desafortunadamente en nuestro Estado hemos sido testigos de conductas incorrectas de diversos funcionarios en distintos \u00f3rganos y niveles de gobierno;\u00a0 ante ello, se han debilitado las instituciones y las finanzas p\u00fablicas se encuentran en una situaci\u00f3n desfavorable\u201d, se\u00f1al\u00f3 la diputada Mar\u00eda Eugenia M\u00e9ndez D\u00e1valos.<\/p>\n<p>Lo anterior, despu\u00e9s de que en sesi\u00f3n ordinaria fuera presentada la Iniciativa\u00a0de Ley de Responsabilidades y Registro Patrimonial de los Servidores P\u00fablicos de Michoac\u00e1n, presentada por\u00a0los integrantes del Grupo Parlamentario del Partido Acci\u00f3n Nacional a trav\u00e9s de la diputada Mar\u00eda Eugenia M\u00e9ndez D\u00e1valos, con el objetivo\u00a0de\u00a0garantizar el cumplimiento de los principios de legalidad, honradez, lealtad, imparcialidad y eficiencia que deben regir el servicio p\u00fablico.<\/p>\n<p>La legisladora panista destac\u00f3 la importancia de dar claridad y armon\u00eda legal a la materia, \u201cla situaci\u00f3n que actualmente vivimos nos obliga a mejorar el marco normativo existente, adem\u00e1s de que resulta indispensable contar con una legislaci\u00f3n eficaz en materia de responsabilidades de los funcionarios p\u00fablicos.<\/p>\n<p>Es importante destacar que dicha iniciativa busca impulsar una nueva cultura y mayor compromiso en el servicio p\u00fablico, por lo que la representante popular del distrito de Zamora subray\u00f3,\u00a0\u201ces un importante mecanismo legal que busca combatir\u00a0la corrupci\u00f3n en el desarrollo de la funci\u00f3n p\u00fablica, que ha sido un lastre en la entidad y que ha tra\u00eddo consigo la ineficiencia, la desigualdad, el abuso y la deshonestidad en dicho servicio\u201d.<\/p>\n<p>Asimismo indic\u00f3 que para Acci\u00f3n Nacional resulta fundamental establecer mecanismos jur\u00eddicos suficientes para generar condiciones que permitan mejorar el ejercicio de la administraci\u00f3n p\u00fablica, adem\u00e1s de tener las herramientas con las cuales sancionar a aquellos funcionarios que hayan abusado en el ejercicio de su encargo, violentando la norma y fallando a la confianza ciudadana depositada en ellos\u201d, reiter\u00f3.<\/p>\n<p>Dicha iniciativa impulsada por la bancada de Acci\u00f3n Nacional en Michoac\u00e1n, contempla ampliar y clarificar las obligaciones de los funcionarios, especialmente lo relativo al manejo de recursos p\u00fablicos, as\u00ed como la instalaci\u00f3n de \u00f3rganos internos de control en cada una de las dependencias p\u00fablicas. Adem\u00e1s, se mandata a las autoridades a\u00a0emitir un C\u00f3digo de \u00c9tica con reglas claras para que impere una conducta digna que responda exclusivamente a las necesidades de la sociedad.<\/p>\n<p>Finalmente, Mar\u00eda Eugenia M\u00e9ndez indic\u00f3 que esta ser\u00e1 una herramienta para combatir la corrupci\u00f3n, as\u00ed como los malos manejos en el ejercicio de la administraci\u00f3n p\u00fablica, para lograr alcanzar un adecuado comportamiento de los servidores p\u00fablicos en la entidad.<a href=\"https:\/\/radiowebmx.com\/nota\/wp-content\/uploads\/2013\/08\/Dip.-Mar\u00eda-Eugenia-M\u00e9ndez.jpg\"><img loading=\"lazy\" decoding=\"async\" class=\"alignleft size-full wp-image-3307\" alt=\"Dip. Mar\u00eda Eugenia M\u00e9ndez\" src=\"https:\/\/radiowebmx.com\/nota\/wp-content\/uploads\/2013\/08\/Dip.-Mar\u00eda-Eugenia-M\u00e9ndez.jpg\" width=\"591\" height=\"335\" \/><\/a><\/p>\n","protected":false},"excerpt":{"rendered":"<p>\u201cEl correcto ejercicio en la administraci\u00f3n p\u00fablica representa un factor fundamental para el desarrollo de cualquier sociedad,  desafortunadamente en nuestro Estado hemos sido testigos de conductas incorrectas de diversos funcionarios en distintos \u00f3rganos y niveles de gobierno;  ante ello,<\/p>\n","protected":false},"author":1,"featured_media":0,"comment_status":"open","ping_status":"open","sticky":false,"template":"","format":"standard","meta":{"footnotes":""},"categories":[6,14,8],"tags":[],"class_list":["post-7346","post","type-post","status-publish","format-standard","hentry","category-congreso-del-estado","category-destacadas","category-grupo-parlamentario-del-pan"],"_links":{"self":[{"href":"https:\/\/radiowebmx.com\/nota\/wp-json\/wp\/v2\/posts\/7346","targetHints":{"allow":["GET"]}}],"collection":[{"href":"https:\/\/radiowebmx.com\/nota\/wp-json\/wp\/v2\/posts"}],"about":[{"href":"https:\/\/radiowebmx.com\/nota\/wp-json\/wp\/v2\/types\/post"}],"author":[{"embeddable":true,"href":"https:\/\/radiowebmx.com\/nota\/wp-json\/wp\/v2\/users\/1"}],"replies":[{"embeddable":true,"href":"https:\/\/radiowebmx.com\/nota\/wp-json\/wp\/v2\/comments?post=7346"}],"version-history":[{"count":2,"href":"https:\/\/radiowebmx.com\/nota\/wp-json\/wp\/v2\/posts\/7346\/revisions"}],"predecessor-version":[{"id":7348,"href":"https:\/\/radiowebmx.com\/nota\/wp-json\/wp\/v2\/posts\/7346\/revisions\/7348"}],"wp:attachment":[{"href":"https:\/\/radiowebmx.com\/nota\/wp-json\/wp\/v2\/media?parent=7346"}],"wp:term":[{"taxonomy":"category","embeddable":true,"href":"https:\/\/radiowebmx.com\/nota\/wp-json\/wp\/v2\/categories?post=7346"},{"taxonomy":"post_tag","embeddable":true,"href":"https:\/\/radiowebmx.com\/nota\/wp-json\/wp\/v2\/tags?post=7346"}],"curies":[{"name":"wp","href":"https:\/\/api.w.org\/{rel}","templated":true}]}}