{"id":7325,"date":"2014-05-28T11:17:38","date_gmt":"2014-05-28T16:17:38","guid":{"rendered":"https:\/\/radiowebmx.com\/nota\/?p=7325"},"modified":"2014-05-28T11:17:38","modified_gmt":"2014-05-28T16:17:38","slug":"invita-fausto-vallejo-a-sociedad-y-gobierno-a-trabajar-por-michoacan-mas-alla-de-discusiones-personalistas","status":"publish","type":"post","link":"https:\/\/radiowebmx.com\/nota\/invita-fausto-vallejo-a-sociedad-y-gobierno-a-trabajar-por-michoacan-mas-alla-de-discusiones-personalistas\/","title":{"rendered":"INVITA FAUSTO VALLEJO A SOCIEDAD Y GOBIERNO A TRABAJAR POR MICHOAC\u00c1N M\u00c1S ALL\u00c1 DE DISCUSIONES PERSONALISTAS"},"content":{"rendered":"<p><a href=\"https:\/\/radiowebmx.com\/nota\/wp-content\/uploads\/2014\/05\/DSC_8403.jpg\"><img loading=\"lazy\" decoding=\"async\" class=\"alignleft size-full wp-image-7326\" alt=\"DSC_8403\" src=\"https:\/\/radiowebmx.com\/nota\/wp-content\/uploads\/2014\/05\/DSC_8403.jpg\" width=\"591\" height=\"309\" srcset=\"https:\/\/radiowebmx.com\/nota\/wp-content\/uploads\/2014\/05\/DSC_8403.jpg 591w, https:\/\/radiowebmx.com\/nota\/wp-content\/uploads\/2014\/05\/DSC_8403-300x156.jpg 300w\" sizes=\"auto, (max-width: 591px) 100vw, 591px\" \/><\/a>Es la hora hist\u00f3rica de Michoac\u00e1n, por eso invito a todos los actores pol\u00edticos, a todos los partidos, a toda la sociedad, a los diferentes \u00f3rdenes de gobierno, a que nos pongamos a trabajar m\u00e1s all\u00e1 de discusiones personalistas e inclusive de intereses. Michoac\u00e1n es lo que vale la pena y debemos de trabajar, trabajar y trabajar, por el bien del Estado, afirm\u00f3 el gobernador Fausto Vallejo Figueroa.<\/p>\n<p>Tras ser testigo de honor de la firma de convenio entre la Secretar\u00eda de Gobernaci\u00f3n Federal, el Instituto Nacional de la Econom\u00eda Social (INAES) y diversas Universidades de Michoac\u00e1n, el jefe del Ejecutivo estatal reiter\u00f3 que su administraci\u00f3n tiene la firme convicci\u00f3n de apoyar a los j\u00f3venes, incentivarlos con oportunidades, herramientas y acerc\u00e1ndoles los medios disponibles para que contin\u00faen con sus estudios.<\/p>\n<p>\u201cPara que se alejen de las condiciones antisociales que generan la violencia y logren realizar sus metas que den plenitud a sus vidas\u201d, dijo Vallejo Figueroa y se\u00f1al\u00f3 que en los j\u00f3venes yace la esperanza de un mejor futuro, donde la justicia y los valores son la fuerza transformadora de la vida social.<\/p>\n<p>Detall\u00f3 que el objeto de este convenio marco es establecer las bases de colaboraci\u00f3n de acciones para que, de manera articulada y en el \u00e1mbito de sus respectivas competencias, los integrantes implementen programas y acciones que completen los objetivos, estrategias y acciones del Programa Nacional para la Prevenci\u00f3n Social de la Violencia y la Delincuencia.<\/p>\n<p>Es por eso que agradeci\u00f3 a los rectores y directores de Educaci\u00f3n Superior \u201cpor subirse a este mismo barco, demostrando que juntos, sociedad y gobierno, estamos construyendo un nuevo y un mejor Michoac\u00e1n\u201d.<\/p>\n<p>Al encabezar este acuerdo, el subsecretario de Prevenci\u00f3n y Participaci\u00f3n Ciudadana de la SEGOB federal, Roberto Campa Cifri\u00e1n, expres\u00f3 que es indispensable atender los problemas desde su origen y construir un modelo de apoyo a proyectos de desarrollo.<\/p>\n<p>\u201cEsta es una alianza que se construye con las universidades desde los j\u00f3venes para los j\u00f3venes\u201d, apunt\u00f3 y agreg\u00f3 que ello ser\u00e1 posible con trabajo local y territorial que cuente con el apoyo de las universidades para tener un conjunto s\u00f3lido de propuestas y proyectos que signifiquen la reactivaci\u00f3n econ\u00f3mica de Michoac\u00e1n.<\/p>\n<p>Por su parte, el comisionado para la Seguridad y Desarrollo Integral de Michoac\u00e1n, Alfredo Castillo Cervantes, indic\u00f3 que otro de los objetivos de dicho convenio es el fomento de la cultura de la Legalidad, pues el 28 por ciento de la poblaci\u00f3n de la entidad son j\u00f3venes y \u201ces necesario construir alternativas de desarrollo para ellos\u201d, asegur\u00f3.<\/p>\n<p>Asimismo, agradeci\u00f3 los 225 planes que presentan las 9 universidades, tanto p\u00fablicas como privadas, mismos que permitir\u00e1n la realizaci\u00f3n de proyectos para generar empleos y propicien el desarrollo; \u201cnecesitamos que la nueva identidad que busquen los j\u00f3venes sea el progreso, las instituciones s\u00f3lidas, y denigrar de una vez por todas la fuente aspiracional de ser delincuente, como un referente que da estatus\u201d.<\/p>\n<p>Finalmente, la directora general del Instituto Nacional de la Econom\u00eda Social (INAES), Narcedalia Ram\u00edrez Pineda, destac\u00f3 que con este convenio se suman a los esfuerzos del gobernador Fausto Vallejo y el comisionado Alfredo Castillo, pues\u00a0 \u201clo importante es prevenir que los j\u00f3venes michoacanos caigan en manos de la delincuencia\u201d.<\/p>\n<p>Forman parte del acuerdo la Universidad Michoacana de San Nicol\u00e1s de Hidalgo; la Universidad Latina de Am\u00e9rica; Universidad Interamericana para el Desarrollo; Instituto Tecnol\u00f3gico del Valle de Morelia; la Universidad de Morelia; el Instituto Tecnol\u00f3gico de Morelia; el Tec de Monterrey campus Morelia; el Colegio de Michoac\u00e1n; y el Colegio de Bachilleres de Michoac\u00e1n.<\/p>\n<p>Esta iniciativa, que trabajar\u00e1 principalmente en los municipios de Morelia, Uruapan, L\u00e1zaro C\u00e1rdenas y Apatzing\u00e1n, busca brindar oportunidades de inclusi\u00f3n productiva en particular a j\u00f3venes con ideas innovadoras que, de no contar con oportunidades, podr\u00edan optar por seguir un camino de ilegalidad; as\u00ed como potenciar el impacto de las acciones emprendidas por actores clave: Gobierno, Instituciones de Educaci\u00f3n Superior y Media Superior, as\u00ed como la poblaci\u00f3n de las comunidades en beneficio de los j\u00f3venes y sus familias, entre otros, a trav\u00e9s de la acci\u00f3n conjunta.<\/p>\n<p>Para alcanzar los objetivos de este Convenio, se emplear\u00e1n diversas estrategias, entre las que destacan \u00a0la incubaci\u00f3n de empresas sociales y el establecimiento de espacios para ello en las unidades acad\u00e9micas y \u00a0la activa promoci\u00f3n de los programas de fomento econ\u00f3mico para asegurar que los proyectos desarrollados deriven en emprendimiento.<\/p>\n<p>En el evento tambi\u00e9n estuvieron presentes, el coordinador General de Delegaciones de la Secretar\u00eda de Econom\u00eda, Jorge Cant\u00fa Valderrama, quien asisti\u00f3 en representaci\u00f3n del titular de dicha dependencia, Ildefonso Guajardo Villareal; el senador por Michoac\u00e1n, Ascenci\u00f3n Orihuela B\u00e1rcenas; el enlace de la Secretar\u00eda de Gobernaci\u00f3n, Jes\u00fas Alc\u00e1ntara N\u00fa\u00f1ez; as\u00ed como rectores y representantes de las diferentes universidades; entre otros funcionarios de los tres \u00f3rdenes de gobierno.<\/p>\n<p><b>DEJAR PATRIMONIO A LAS FAMILIAS Y GENERAR EMPLEO, LA SOLUCI\u00d3N PARA MICHOAC\u00c1N <\/b><\/p>\n<p>Al participar como testigo de honor en la firma del convenio de Colaboraci\u00f3n para la Oferta de Alternativas de Empleo, el gobernador Fausto Vallejo Figueroa, destac\u00f3 que es la primera ocasi\u00f3n que se re\u00fane el Consejo Nacional del Infonavit en Michoac\u00e1n, para llevar a cabo diferentes trabajos.<\/p>\n<p>Tras reconocer los resultados que ha generado en la entidad la presencia del comisionado Alfredo Castillo Cervantes, el mandatario estatal se\u00f1al\u00f3 que este tipo de reuniones, \u201cpara dejarle patrimonio a las familias y generar empleo son la soluci\u00f3n para Michoac\u00e1n\u201d.<\/p>\n<p>Este documento tiene como objetivo brindar mejores alternativas de empleo a los trabajadores del Infonavit, a trav\u00e9s del Servicio Nacional del Empleo y generar mayor competitividad al pa\u00eds, a la vez que busca certificar las capacidades de los trabajadores para mejorar los salarios, detall\u00f3 Alfonso Navarrete Prida, secretario del Trabajo y Previsi\u00f3n Social, quien encabez\u00f3 esta signa de acuerdo, junto con el director general del Infonavit, Alejandro Murat Hinojosa.<\/p>\n<p>&nbsp;<\/p>\n<p>&nbsp;<\/p>\n","protected":false},"excerpt":{"rendered":"<p>Es la hora hist\u00f3rica de Michoac\u00e1n, por eso invito a todos los actores pol\u00edticos, a todos los partidos, a toda la sociedad, a los diferentes \u00f3rdenes de gobierno,<\/p>\n","protected":false},"author":1,"featured_media":7326,"comment_status":"open","ping_status":"open","sticky":false,"template":"","format":"standard","meta":{"footnotes":""},"categories":[14,3],"tags":[],"class_list":["post-7325","post","type-post","status-publish","format-standard","has-post-thumbnail","hentry","category-destacadas","category-gobierno-del-estado-de-michoacan"],"_links":{"self":[{"href":"https:\/\/radiowebmx.com\/nota\/wp-json\/wp\/v2\/posts\/7325","targetHints":{"allow":["GET"]}}],"collection":[{"href":"https:\/\/radiowebmx.com\/nota\/wp-json\/wp\/v2\/posts"}],"about":[{"href":"https:\/\/radiowebmx.com\/nota\/wp-json\/wp\/v2\/types\/post"}],"author":[{"embeddable":true,"href":"https:\/\/radiowebmx.com\/nota\/wp-json\/wp\/v2\/users\/1"}],"replies":[{"embeddable":true,"href":"https:\/\/radiowebmx.com\/nota\/wp-json\/wp\/v2\/comments?post=7325"}],"version-history":[{"count":1,"href":"https:\/\/radiowebmx.com\/nota\/wp-json\/wp\/v2\/posts\/7325\/revisions"}],"predecessor-version":[{"id":7327,"href":"https:\/\/radiowebmx.com\/nota\/wp-json\/wp\/v2\/posts\/7325\/revisions\/7327"}],"wp:featuredmedia":[{"embeddable":true,"href":"https:\/\/radiowebmx.com\/nota\/wp-json\/wp\/v2\/media\/7326"}],"wp:attachment":[{"href":"https:\/\/radiowebmx.com\/nota\/wp-json\/wp\/v2\/media?parent=7325"}],"wp:term":[{"taxonomy":"category","embeddable":true,"href":"https:\/\/radiowebmx.com\/nota\/wp-json\/wp\/v2\/categories?post=7325"},{"taxonomy":"post_tag","embeddable":true,"href":"https:\/\/radiowebmx.com\/nota\/wp-json\/wp\/v2\/tags?post=7325"}],"curies":[{"name":"wp","href":"https:\/\/api.w.org\/{rel}","templated":true}]}}