{"id":7318,"date":"2014-05-28T11:08:13","date_gmt":"2014-05-28T16:08:13","guid":{"rendered":"https:\/\/radiowebmx.com\/nota\/?p=7318"},"modified":"2014-05-28T11:08:13","modified_gmt":"2014-05-28T16:08:13","slug":"michoacan-punto-de-partida-de-la-2a-semana-nacional-de-salud","status":"publish","type":"post","link":"https:\/\/radiowebmx.com\/nota\/michoacan-punto-de-partida-de-la-2a-semana-nacional-de-salud\/","title":{"rendered":"MICHOAC\u00c1N, PUNTO DE PARTIDA DE LA 2\u00aa SEMANA NACIONAL DE SALUD"},"content":{"rendered":"<p><a href=\"https:\/\/radiowebmx.com\/nota\/wp-content\/uploads\/2014\/05\/DSC_8063.jpg\"><img loading=\"lazy\" decoding=\"async\" class=\"alignleft size-full wp-image-7319\" alt=\"DSC_8063\" src=\"https:\/\/radiowebmx.com\/nota\/wp-content\/uploads\/2014\/05\/DSC_8063.jpg\" width=\"591\" height=\"331\" srcset=\"https:\/\/radiowebmx.com\/nota\/wp-content\/uploads\/2014\/05\/DSC_8063.jpg 591w, https:\/\/radiowebmx.com\/nota\/wp-content\/uploads\/2014\/05\/DSC_8063-300x168.jpg 300w, https:\/\/radiowebmx.com\/nota\/wp-content\/uploads\/2014\/05\/DSC_8063-284x158.jpg 284w, https:\/\/radiowebmx.com\/nota\/wp-content\/uploads\/2014\/05\/DSC_8063-128x72.jpg 128w\" sizes=\"auto, (max-width: 591px) 100vw, 591px\" \/><\/a>La salud es un derecho constitucional indispensable para garantizar el bienestar y la felicidad de las personas, pero adem\u00e1s es la premisa que nos permitir\u00e1 alcanzar el desarrollo humano y social de una comunidad, expres\u00f3 el gobernador Fausto Vallejo Figueroa, al arrancar de manera oficial la Segunda Semana Nacional de Salud 2014, en compa\u00f1\u00eda de la secretaria federal de este sector, Mercedes Juan L\u00f3pez.<\/p>\n<p>Tras agradecer que nuestro Estado fuese elegido para el arranque nacional, Vallejo Figueroa resalt\u00f3 la importancia de las acciones preventivas que se realizan con esta campa\u00f1a, pues ello permitir\u00e1 tener cada vez generaciones m\u00e1s sanas de mexicanos, \u201cpara los que la salud no sea una limitante, sino una fortaleza para alcanzar todos sus prop\u00f3sitos de vida\u201d, afirm\u00f3.<\/p>\n<p>Por este motivo, el mandatario estatal hizo un llamado a los padres de familia para que lleven a sus hijos a los Centros de Salud y les sean aplicadas las vacunas que les hagan falta, adem\u00e1s de recibir asesor\u00eda u orientaci\u00f3n sobre c\u00f3mo prevenir enfermedades digestivas e infecciones respiratorias agudas que pudieran generarse por los cambios bruscos de temperatura.<\/p>\n<p>Antes de finalizar su intervenci\u00f3n, Fausto Vallejo reiter\u00f3 que continuar\u00e1n los trabajos coordinados con la Federaci\u00f3n, a fin de garantizar el acceso a los servicios de salud de calidad en toda la entidad; agradeci\u00f3 las obras en esta materia que se realizan con el apoyo del presidente Enrique Pe\u00f1a Nieto.<\/p>\n<p>\u201cContaremos con obras de vital importancia para la atenci\u00f3n m\u00e9dica, como son los nuevos Hospitales Regionales de Apatzing\u00e1n, General e Infantil de Morelia; se equipar\u00e1n y modernizar\u00e1n el de Zit\u00e1cuaro y el de Ciudad Hidalgo que contar\u00e1 con un \u00e1rea especializada en Nefrolog\u00eda; la ampliaci\u00f3n de unidades m\u00e9dicas, as\u00ed como las nuevas cl\u00ednicas del IMSS y el ISSSTE; obras que esperaban los michoacanos y que en el corto plazo ser\u00e1n una realidad\u201d, apunt\u00f3.<\/p>\n<p>A su vez, la secretaria de Salud Federal, Mercedes Juan L\u00f3pez, inform\u00f3 que la Segunda Semana Nacional de Salud se lleva a cabo del 24 al 30 de mayo y cuenta con una inversi\u00f3n de m\u00e1s de mil 300 millones de pesos.<\/p>\n<p>Detall\u00f3 tambi\u00e9n que en esta ocasi\u00f3n, la campa\u00f1a tiene un enfoque en la vacuna para la Poliomielitis y la vacuna contra el Virus del Papiloma Humano (VPH) en ni\u00f1as de 5\u00b0 a\u00f1o de primaria, a fin de prevenir el c\u00e1ncer cervicouterino; adem\u00e1s de la aplicaci\u00f3n de cerca de 14 millones de dosis de vacunas y un mill\u00f3n 400 mil dosis de \u00e1cido f\u00f3lico, entre otras acciones.<\/p>\n<p>Asimismo, se sum\u00f3 al llamado que hizo el gobernador, Fausto Vallejo, para que los padres de familia asistan a los puestos de vacunaci\u00f3n y a las Unidades de Salud, para que cumplan con los esquemas de protecci\u00f3n de enfermedades, a trav\u00e9s de la vacunaci\u00f3n completa.<\/p>\n<p>El secretario de Salud en la entidad, Rafael D\u00edaz Rodr\u00edguez, se\u00f1al\u00f3 que en la semana que dura la campa\u00f1a, Michoac\u00e1n tiene como meta atender a 533 mil 750 ni\u00f1as y ni\u00f1os, as\u00ed como a mujeres y hombres mayores de 11 a\u00f1os de edad; \u00a0adem\u00e1s de que se realizar\u00e1n m\u00e1s de 2 millones de acciones diversas entre las que destacan mensajes sobre prevenci\u00f3n de enfermedades infecciosas, gastrointestinales y de v\u00edas respiratorias; entrega de sobres Vida Suero Oral (VSO), ministraci\u00f3n de vitamina A, antiparasitarios y \u00e1cido f\u00f3lico a mujeres en edad f\u00e9rtil.<\/p>\n<p>\u201cCon esto, colaboraremos en el cumplimiento del objetivo de la estrategia de vacunaci\u00f3n, que es mantener el control, la eliminaci\u00f3n o la erradicaci\u00f3n de enfermedades prevenibles por vacunaci\u00f3n\u201d, afirm\u00f3.<\/p>\n<p>Por su parte, el delegado del Instituto Mexicano del Seguro Social (IMSS) en Michoac\u00e1n, Rom\u00e1n Acosta Rosales, dijo que esta instituci\u00f3n cumple cabalmente con las indicaciones del presidente, Enrique Pe\u00f1a Nieto, al brindar a los michoacanos una salud de calidad, \u201cy es un privilegio para el IMSS ser los anfitriones de esta Segunda Semana Nacional de Salud\u201d, expres\u00f3.<\/p>\n<p>Finalmente, la representante del Fondo de las Naciones Unidas para la Infancia (UNICEF) en M\u00e9xico, Isabel Crowley, reconoci\u00f3 ampliamente a la Secretar\u00eda de Salud por el esquema de vacunaci\u00f3n tan completo que existe a nivel nacional y celebr\u00f3 que dicha instituci\u00f3n internacional cumpla este mes 60 a\u00f1os de presencia en nuestro pa\u00eds.<\/p>\n<p>Asistieron tambi\u00e9n a este evento el subsecretario de Prevenci\u00f3n y Promoci\u00f3n de la Salud, Pablo Kuri Morales; el enlace de la Secretar\u00eda de Gobernaci\u00f3n con la entidad, Jes\u00fas Alc\u00e1ntara N\u00fa\u00f1ez; el comisionado Nacional de Protecci\u00f3n Social en Salud, Gabriel O&#8217;Shea Cuevas; el director general del IMSS, Jos\u00e9 Antonio Gonz\u00e1lez Anaya; la Representante de la OPS\/OMS en M\u00e9xico, Maureen Birmingham; la directora del DIF Michoac\u00e1n, Nelly Sastr\u00e9 Gasca, entre otros funcionarios federales, estatales y municipales.<\/p>\n<p>&nbsp;<\/p>\n","protected":false},"excerpt":{"rendered":"<p>La salud es un derecho constitucional indispensable para garantizar el bienestar y la felicidad de las personas, pero adem\u00e1s es la premisa que nos permitir\u00e1 alcanzar el desarrollo humano y social de una comunidad, expres\u00f3 el gobernador Fausto Vallejo Figueroa, <\/p>\n","protected":false},"author":1,"featured_media":7319,"comment_status":"open","ping_status":"open","sticky":false,"template":"","format":"standard","meta":{"footnotes":""},"categories":[14,3],"tags":[],"class_list":["post-7318","post","type-post","status-publish","format-standard","has-post-thumbnail","hentry","category-destacadas","category-gobierno-del-estado-de-michoacan"],"_links":{"self":[{"href":"https:\/\/radiowebmx.com\/nota\/wp-json\/wp\/v2\/posts\/7318","targetHints":{"allow":["GET"]}}],"collection":[{"href":"https:\/\/radiowebmx.com\/nota\/wp-json\/wp\/v2\/posts"}],"about":[{"href":"https:\/\/radiowebmx.com\/nota\/wp-json\/wp\/v2\/types\/post"}],"author":[{"embeddable":true,"href":"https:\/\/radiowebmx.com\/nota\/wp-json\/wp\/v2\/users\/1"}],"replies":[{"embeddable":true,"href":"https:\/\/radiowebmx.com\/nota\/wp-json\/wp\/v2\/comments?post=7318"}],"version-history":[{"count":1,"href":"https:\/\/radiowebmx.com\/nota\/wp-json\/wp\/v2\/posts\/7318\/revisions"}],"predecessor-version":[{"id":7320,"href":"https:\/\/radiowebmx.com\/nota\/wp-json\/wp\/v2\/posts\/7318\/revisions\/7320"}],"wp:featuredmedia":[{"embeddable":true,"href":"https:\/\/radiowebmx.com\/nota\/wp-json\/wp\/v2\/media\/7319"}],"wp:attachment":[{"href":"https:\/\/radiowebmx.com\/nota\/wp-json\/wp\/v2\/media?parent=7318"}],"wp:term":[{"taxonomy":"category","embeddable":true,"href":"https:\/\/radiowebmx.com\/nota\/wp-json\/wp\/v2\/categories?post=7318"},{"taxonomy":"post_tag","embeddable":true,"href":"https:\/\/radiowebmx.com\/nota\/wp-json\/wp\/v2\/tags?post=7318"}],"curies":[{"name":"wp","href":"https:\/\/api.w.org\/{rel}","templated":true}]}}