{"id":7282,"date":"2014-05-27T11:50:48","date_gmt":"2014-05-27T16:50:48","guid":{"rendered":"https:\/\/radiowebmx.com\/nota\/?p=7282"},"modified":"2014-05-27T11:50:48","modified_gmt":"2014-05-27T16:50:48","slug":"fortalecen-cooperacion-entre-gobiernos-federal-y-estatal-para-atencion-a-migrantes","status":"publish","type":"post","link":"https:\/\/radiowebmx.com\/nota\/fortalecen-cooperacion-entre-gobiernos-federal-y-estatal-para-atencion-a-migrantes\/","title":{"rendered":"FORTALECEN COOPERACI\u00d3N ENTRE GOBIERNOS FEDERAL Y ESTATAL PARA ATENCI\u00d3N A MIGRANTES"},"content":{"rendered":"<p><a href=\"https:\/\/radiowebmx.com\/nota\/wp-content\/uploads\/2014\/05\/1.jpeg\"><img loading=\"lazy\" decoding=\"async\" class=\"alignleft size-full wp-image-7283\" alt=\"1\" src=\"https:\/\/radiowebmx.com\/nota\/wp-content\/uploads\/2014\/05\/1.jpeg\" width=\"591\" height=\"257\" srcset=\"https:\/\/radiowebmx.com\/nota\/wp-content\/uploads\/2014\/05\/1.jpeg 591w, https:\/\/radiowebmx.com\/nota\/wp-content\/uploads\/2014\/05\/1-300x130.jpeg 300w\" sizes=\"auto, (max-width: 591px) 100vw, 591px\" \/><\/a>Con el objetivo de generar un espacio de exposici\u00f3n, an\u00e1lisis, debate y capacitaci\u00f3n en donde se aborden los diversos temas sobre protecci\u00f3n y asistencia consular para los migrantes, inici\u00f3 este lunes el Taller de Protecci\u00f3n y Asistencia Consular para Mexicanos en el Exterior.<\/p>\n<p>&nbsp;<\/p>\n<p>Organizado por la Secretar\u00eda del Migrante en el Estado (Semigrante), en coordinaci\u00f3n con la Secretar\u00eda de Relaciones Exteriores (SRE), este taller tiene el objetivo de generar un espacio de di\u00e1logo con los especialistas en temas de servicios consulares, perspectiva\u00a0 de g\u00e9nero y atenci\u00f3n al p\u00fablico, derecho de familia, protecci\u00f3n a mexicanos en el exterior y protecci\u00f3n preventiva.<\/p>\n<p>&nbsp;<\/p>\n<p>Est\u00e1 dirigido a funcionarios de los tres niveles de gobierno, magistrados, jueces, legisladores federales y locales, organizaciones no gubernamentales, as\u00ed como acad\u00e9micos, estudiantes, quienes tengan relaci\u00f3n directa con los migrantes y sus familias, y se realiza este 26 y 27 de mayo en el Aula Mater del Colegio Primitivo y Nacional de San Nicol\u00e1s de Hidalgo.<\/p>\n<p>&nbsp;<\/p>\n<p>Durante la inauguraci\u00f3n del taller, Carlos Alberto Gami\u00f1o Garc\u00eda, coordinador de Vinculaci\u00f3n Binacional de la Secretar\u00eda del Migrante, en representaci\u00f3n del titular Luis Carlos Ch\u00e1vez Santacruz, dijo que Michoac\u00e1n tiene una larga tradici\u00f3n migratoria y pr\u00e1cticamente es binacional, debido a los\u00a0\u00a02 millones y medio de migrantes de origen michoacano en el exterior.<\/p>\n<p>&nbsp;<\/p>\n<p>\u201cPor ello nos congratulamos como\u00a0Gobierno del Estado al recibir a tan importantes ponentes de la Secretar\u00eda de Relaciones Exteriores y coordinarnos para que este taller genere beneficios para los migrantes y\u00a0\u00a0sus familias, que son nuestra raz\u00f3n de ser como Secretar\u00eda\u201d, destac\u00f3.<\/p>\n<p>&nbsp;<\/p>\n<p>Apunt\u00f3 que en este espacio\u00a0\u00a0se genera un di\u00e1logo en la construcci\u00f3n y fortalecimiento de\u00a0las\u00a0acciones de los gobiernos Federal y Estatal,\u00a0\u00a0cuyo objetivo es seguir por el camino de la profesionalizaci\u00f3n\u00a0para brindar mejores servicios institucionales.<\/p>\n<p>&nbsp;<\/p>\n<p>En la primera sesi\u00f3n del taller, los temas que se abordaron fueron: Servicios consulares, pasaportes y matr\u00edculas consulares; Registro civil, Menaje de casa, Apostilla y legalizaci\u00f3n; Introducci\u00f3n a la perspectiva de g\u00e9nero y atenci\u00f3n al p\u00fablico, \u00bfQu\u00e9 es g\u00e9nero y para que g\u00e9nero?; Migraci\u00f3n y g\u00e9nero, entre otros.<\/p>\n<p>&nbsp;<\/p>\n<p>Mientras que para la segunda sesi\u00f3n se desarrollar\u00e1n los temas: Atenci\u00f3n de casos civiles vinculados con menores de edad, Custodia de menores, Sustracci\u00f3n il\u00edcita de menores, Pensiones alimenticias, Adopciones internacionales, Localizaci\u00f3n de personas, Traslado de restos, Traslado de enfermos, Permisos humanitarios, Mexicanos en el exterior, Demandas civiles y laborales; Campa\u00f1as de protecci\u00f3n preventiva, Intentos de cruce indocumentado y Fraude en reclutamiento de trabajadores temporales.<\/p>\n<p>&nbsp;<\/p>\n<p>En el evento estuvieron presentes: Mar\u00eda de los \u00c1ngeles G\u00f3mez Aguilar, directora de An\u00e1lisis y Prospectiva de la Direcci\u00f3n General de Protecci\u00f3n a Mexicanos en el Exterior; Roc\u00edo Santos de la Cruz, delegada federal en Michoac\u00e1n de la Secretar\u00eda de Relaciones Exteriores; las ponentes Norma Edith Aguilar Andrade, en representaci\u00f3n de la Direcci\u00f3n General de Servicios Consulares de la SRE; Margarita Cort\u00e9s Cid, titular del Programa de Igualdad de G\u00e9nero de la SRE; Claudia Sierra Mart\u00ednez, directora general de Protecci\u00f3n a Mexicanos en el Exterior y Sandra Patricia Mendoza Dur\u00e1n, ambas tambi\u00e9n de la SRE.<\/p>\n<p>&nbsp;<\/p>\n","protected":false},"excerpt":{"rendered":"<p>Con el objetivo de generar un espacio de exposici\u00f3n, an\u00e1lisis, debate y capacitaci\u00f3n en donde se aborden los diversos temas sobre protecci\u00f3n y asistencia consular para los migrantes, inici\u00f3 este lunes el Taller de Protecci\u00f3n y Asistencia Consular para Mexicanos en el Exterior.<\/p>\n","protected":false},"author":1,"featured_media":7283,"comment_status":"open","ping_status":"open","sticky":false,"template":"","format":"standard","meta":{"footnotes":""},"categories":[14,3],"tags":[],"class_list":["post-7282","post","type-post","status-publish","format-standard","has-post-thumbnail","hentry","category-destacadas","category-gobierno-del-estado-de-michoacan"],"_links":{"self":[{"href":"https:\/\/radiowebmx.com\/nota\/wp-json\/wp\/v2\/posts\/7282","targetHints":{"allow":["GET"]}}],"collection":[{"href":"https:\/\/radiowebmx.com\/nota\/wp-json\/wp\/v2\/posts"}],"about":[{"href":"https:\/\/radiowebmx.com\/nota\/wp-json\/wp\/v2\/types\/post"}],"author":[{"embeddable":true,"href":"https:\/\/radiowebmx.com\/nota\/wp-json\/wp\/v2\/users\/1"}],"replies":[{"embeddable":true,"href":"https:\/\/radiowebmx.com\/nota\/wp-json\/wp\/v2\/comments?post=7282"}],"version-history":[{"count":1,"href":"https:\/\/radiowebmx.com\/nota\/wp-json\/wp\/v2\/posts\/7282\/revisions"}],"predecessor-version":[{"id":7284,"href":"https:\/\/radiowebmx.com\/nota\/wp-json\/wp\/v2\/posts\/7282\/revisions\/7284"}],"wp:featuredmedia":[{"embeddable":true,"href":"https:\/\/radiowebmx.com\/nota\/wp-json\/wp\/v2\/media\/7283"}],"wp:attachment":[{"href":"https:\/\/radiowebmx.com\/nota\/wp-json\/wp\/v2\/media?parent=7282"}],"wp:term":[{"taxonomy":"category","embeddable":true,"href":"https:\/\/radiowebmx.com\/nota\/wp-json\/wp\/v2\/categories?post=7282"},{"taxonomy":"post_tag","embeddable":true,"href":"https:\/\/radiowebmx.com\/nota\/wp-json\/wp\/v2\/tags?post=7282"}],"curies":[{"name":"wp","href":"https:\/\/api.w.org\/{rel}","templated":true}]}}