{"id":7261,"date":"2014-05-27T11:13:47","date_gmt":"2014-05-27T16:13:47","guid":{"rendered":"https:\/\/radiowebmx.com\/nota\/?p=7261"},"modified":"2014-05-27T11:18:45","modified_gmt":"2014-05-27T16:18:45","slug":"presentacion-del-libro-pueblecillo-que-fue-un-eden-cronica-uruapense-1893-1952","status":"publish","type":"post","link":"https:\/\/radiowebmx.com\/nota\/presentacion-del-libro-pueblecillo-que-fue-un-eden-cronica-uruapense-1893-1952\/","title":{"rendered":"Presentaci\u00f3n del libro  \u201cPueblecillo que fue un ed\u00e9n; cr\u00f3nica uruapense 1893-1952\u201d"},"content":{"rendered":"<p><a href=\"https:\/\/radiowebmx.com\/nota\/wp-content\/uploads\/2014\/05\/presentaci\u00f3n-del-libro-pueblecillo-que-fue-un-ed\u00e9n-01.jpg\"><img loading=\"lazy\" decoding=\"async\" class=\"alignleft size-full wp-image-7264\" alt=\"presentaci\u00f3n del libro pueblecillo que fue un ed\u00e9n 01\" src=\"https:\/\/radiowebmx.com\/nota\/wp-content\/uploads\/2014\/05\/presentaci\u00f3n-del-libro-pueblecillo-que-fue-un-ed\u00e9n-01.jpg\" width=\"591\" height=\"357\" srcset=\"https:\/\/radiowebmx.com\/nota\/wp-content\/uploads\/2014\/05\/presentaci\u00f3n-del-libro-pueblecillo-que-fue-un-ed\u00e9n-01.jpg 591w, https:\/\/radiowebmx.com\/nota\/wp-content\/uploads\/2014\/05\/presentaci\u00f3n-del-libro-pueblecillo-que-fue-un-ed\u00e9n-01-300x181.jpg 300w\" sizes=\"auto, (max-width: 591px) 100vw, 591px\" \/><\/a>Con la finalidad de realizar un proyecto de su ciudad de origen, en el cual a trav\u00e9s de las historias de vida de diversos personajes se narrara la construcci\u00f3n de una ciudad, Arturo \u00c1vila Val present\u00f3 en la antigua f\u00e1brica de hilados y tejidos San Pedro, Uruapan, su libro titulado\u00a0<i>Pueblecillo<\/i>\u00a0<i>que<\/i>\u00a0<i>fue<\/i>\u00a0<i>un<\/i>\u00a0<i>ed\u00e9n<\/i>;\u00a0<i>cr\u00f3nica<\/i>\u00a0<i>uruapense<\/i>\u00a0<i>1893<\/i>&#8211;<i>1952<\/i>, obra a la que dedic\u00f3 m\u00e1s 13 a\u00f1os de investigaci\u00f3n.<\/p>\n<p>&nbsp;<\/p>\n<p>Al hacer uso de la palabra, el presidente del Centro Cultural Uruapan Javier Guti\u00e9rrez Cendejas, , resalt\u00f3 el trabajo de Arturo \u00c1vila a quien describi\u00f3 como un profesional con grandes ideas, de mentalidad clara e ingeniosa; de igual forma se congratul\u00f3 por la presentaci\u00f3n de la obra, misma que enriquecer\u00e1 el acervo cultural de la ciudad.<\/p>\n<p>&nbsp;<\/p>\n<p>Por su parte, Lourdes Carmina \u00c1lvarez Figueroa Coordinadora del Consejo Ciudadano para el Desarrollo Cultural de Uruapan, extern\u00f3 que como parte del trabajo cultural que realiza es prioridad impulsar a nuevos creadores a realizar proyectos, as\u00ed como acercar las bellas artes a todos los ciudadanos, pues con ello se permite salvaguardar el patrimonio hist\u00f3rico, arquitect\u00f3nico y cultural que construyen la herencia e identidad de los michoacanos.<\/p>\n<p>&nbsp;<\/p>\n<p>&nbsp;<\/p>\n<p>\u201cLa obra es una investigaci\u00f3n exhaustiva, con una prosa elegante y con un valor importante, ya que tiene m\u00faltiples recursos extra\u00eddos de archivos municipales, parroquiales y familiares que la enriquecen, a la par de un archivo fotogr\u00e1fico que por s\u00ed mismo cuenta su historia\u201d coment\u00f3 Rosa Elena Yacuta Garc\u00eda, comentarista de la obra.<\/p>\n<p>&nbsp;<\/p>\n<p>La realizaci\u00f3n de un ambicioso proyecto como <i>Pueblecillo<\/i> <i>que<\/i> <i>fue<\/i> <i>un<\/i> <i>ed\u00e9n<\/i>, se pudo realizar gracias a las presencias vivas que enriquecieron la vida social y cultural de Uruapan, extern\u00f3 el arquitecto Arturo \u00c1vila, quien agradeci\u00f3 la asistencia de un aproximado de 650 personas que se dieron cita en la presentaci\u00f3n.<\/p>\n<p>&nbsp;<\/p>\n<p>\u00c1vila Val extern\u00f3 que la odisea de realizar la obra inicio en 2001 cuando fue aprobada dentro de un programa de apoyo cultural de Uruapan, sin embargo fue hasta finales\u00a0 del a\u00f1o pasado cuando complet\u00f3 el libro que contiene a grandes personajes que forjaron la vida social y cultural de Uruapan, entre ellos: L\u00e1zaro C\u00e1rdenas del Rio, Francisco Far\u00edas, Manuel Ocaranza, Ignacia Ceja Barajas y Mario Moreno \u201cCantinflas\u201d, entre otros.<\/p>\n<p>&nbsp;<\/p>\n<p>&nbsp;<\/p>\n<p>&nbsp;<\/p>\n<p>&nbsp;<\/p>\n<p>&nbsp;<\/p>\n<p>El autor comparti\u00f3 un emotivo mensaje en el cual invit\u00f3 a aprender, amar y cuidar lo que somos, lo que es nuestro lugar de origen. Asimismo extern\u00f3 que una tercera parte de lo que recaude la venta del libro se dar\u00e1 al gobierno de Uruapan, otro tanto al Centro Cultural de la ciudad, otro para terminar de pagar el costo de la obra y por \u00faltimo una ganancia con lo cual iniciar\u00e1 dos proyectos dedicados a Manuel P\u00e9rez Coronado y Manuel Ocaranza.<\/p>\n","protected":false},"excerpt":{"rendered":"<p>Con la finalidad de realizar un proyecto de su ciudad de origen, en el cual a trav\u00e9s de las historias de vida de diversos personajes se narrara la construcci\u00f3n de una ciudad, Arturo \u00c1vila Val present\u00f3 en la antigua f\u00e1brica de hilados y tejidos San Pedro, Uruapan, su libro titulado Pueblecillo que fue un ed\u00e9n; cr\u00f3nica uruapense 1893-1952, obra a la que dedic\u00f3 m\u00e1s 13 a\u00f1os de investigaci\u00f3n. <\/p>\n","protected":false},"author":1,"featured_media":7264,"comment_status":"open","ping_status":"open","sticky":false,"template":"","format":"standard","meta":{"footnotes":""},"categories":[14,3],"tags":[],"class_list":["post-7261","post","type-post","status-publish","format-standard","has-post-thumbnail","hentry","category-destacadas","category-gobierno-del-estado-de-michoacan"],"_links":{"self":[{"href":"https:\/\/radiowebmx.com\/nota\/wp-json\/wp\/v2\/posts\/7261","targetHints":{"allow":["GET"]}}],"collection":[{"href":"https:\/\/radiowebmx.com\/nota\/wp-json\/wp\/v2\/posts"}],"about":[{"href":"https:\/\/radiowebmx.com\/nota\/wp-json\/wp\/v2\/types\/post"}],"author":[{"embeddable":true,"href":"https:\/\/radiowebmx.com\/nota\/wp-json\/wp\/v2\/users\/1"}],"replies":[{"embeddable":true,"href":"https:\/\/radiowebmx.com\/nota\/wp-json\/wp\/v2\/comments?post=7261"}],"version-history":[{"count":3,"href":"https:\/\/radiowebmx.com\/nota\/wp-json\/wp\/v2\/posts\/7261\/revisions"}],"predecessor-version":[{"id":7265,"href":"https:\/\/radiowebmx.com\/nota\/wp-json\/wp\/v2\/posts\/7261\/revisions\/7265"}],"wp:featuredmedia":[{"embeddable":true,"href":"https:\/\/radiowebmx.com\/nota\/wp-json\/wp\/v2\/media\/7264"}],"wp:attachment":[{"href":"https:\/\/radiowebmx.com\/nota\/wp-json\/wp\/v2\/media?parent=7261"}],"wp:term":[{"taxonomy":"category","embeddable":true,"href":"https:\/\/radiowebmx.com\/nota\/wp-json\/wp\/v2\/categories?post=7261"},{"taxonomy":"post_tag","embeddable":true,"href":"https:\/\/radiowebmx.com\/nota\/wp-json\/wp\/v2\/tags?post=7261"}],"curies":[{"name":"wp","href":"https:\/\/api.w.org\/{rel}","templated":true}]}}