{"id":72581,"date":"2026-04-29T16:19:53","date_gmt":"2026-04-29T21:19:53","guid":{"rendered":"https:\/\/radiowebmx.com\/nota\/?p=72581"},"modified":"2026-04-29T16:19:56","modified_gmt":"2026-04-29T21:19:56","slug":"adios-al-trafico-bedolla-abre-carriles-superiores-del-puente-independencia","status":"publish","type":"post","link":"https:\/\/radiowebmx.com\/nota\/adios-al-trafico-bedolla-abre-carriles-superiores-del-puente-independencia\/","title":{"rendered":"\u00a1Adi\u00f3s al tr\u00e1fico! Bedolla abre carriles superiores del puente Independencia"},"content":{"rendered":"\n<ul class=\"wp-block-list\">\n<li><strong>La obra contin\u00faa en el bajopuente que tendr\u00e1 una extensi\u00f3n de de 3 mil 600 m2<\/strong><\/li>\n<\/ul>\n\n\n\n<p>Morelia, Michoac\u00e1n, 28 de abril de 2026.- El gobernador Alfredo Ram\u00edrez Bedolla abri\u00f3 a la circulaci\u00f3n los cuatro carriles superiores del puente vehicular Independencia en las inmediaciones de Polic\u00eda y Tr\u00e1nsito, en Morelia, para poner fin al conflicto vial ocasionado por el paso del tren.<\/p>\n\n\n\n<figure class=\"wp-block-image size-full is-resized\"><a href=\"https:\/\/radiowebmx.com\/nota\/wp-content\/uploads\/2026\/04\/image-17.png\"><img loading=\"lazy\" decoding=\"async\" width=\"394\" height=\"295\" src=\"https:\/\/radiowebmx.com\/nota\/wp-content\/uploads\/2026\/04\/image-17.png\" alt=\"\" class=\"wp-image-72582\" style=\"width:347px;height:auto\"\/><\/a><\/figure>\n\n\n\n<p>Inform\u00f3 que esta obra se realiz\u00f3 con una inversi\u00f3n 100 por ciento estatal de 350 millones de pesos sin necesidad de contratar deuda p\u00fablica gracias al buen manejo de las finanzas, la cual permitir\u00e1 agilizar el tr\u00e1nsito en la zona surponiente de la ciudad mientras contin\u00faan los trabajos en el bajopuente.<\/p>\n\n\n\n<p>Explic\u00f3 que el puente aument\u00f3 de seis a ocho carriles, entre superiores y laterales, construidos con concreto hidr\u00e1ulico para garantizar mayor durabilidad; adem\u00e1s contar\u00e1 con cruces seguros para peatones y un bajopuente de 3 mil 600 metros cuadrados con \u00e1reas de esparcimiento y recreaci\u00f3n para las familias morelianas.<\/p>\n\n\n\n<figure class=\"wp-block-image size-full is-resized\"><a href=\"https:\/\/radiowebmx.com\/nota\/wp-content\/uploads\/2026\/04\/image-18.png\"><img loading=\"lazy\" decoding=\"async\" width=\"394\" height=\"278\" src=\"https:\/\/radiowebmx.com\/nota\/wp-content\/uploads\/2026\/04\/image-18.png\" alt=\"\" class=\"wp-image-72583\" style=\"width:346px;height:auto\"\/><\/a><\/figure>\n\n\n\n<p>Por su parte, el secretario de Comunicaciones y Obras P\u00fablicas, Rogelio Zaraz\u00faa S\u00e1nchez, destac\u00f3 que el puente dar\u00e1 soluci\u00f3n al conflicto vial que se generaba en la zona, ya que en los laterales habr\u00e1 cuatro carriles, dos por cada sentido.<\/p>\n\n\n\n<p>Explic\u00f3 que consta de 400 metros de longitud y una altura de hasta 8.5 metros, m\u00e1s de lo com\u00fan para permitir el paso del tren. Adem\u00e1s que, para mejorar el tr\u00e1nsito vehicular, se cancela un sem\u00e1foro a la altura de la Pepsi por lo que la vuelta izquierda ser\u00e1 hasta las inmediaciones de Ravisa, mientras que se considerar\u00e1n retornos en el bajopuente.<\/p>\n\n\n\n<p>Acompa\u00f1aron al gobernador el secretario de Finanzas, Luis Navarro Garc\u00eda; el fiscal general de Michoac\u00e1n, Carlos Torres Pi\u00f1a; el alcalde de Morelia, Alfonso Mart\u00ednez Alc\u00e1zar; diputadas y diputados locales; representantes del sector empresarial y habitantes beneficiados.<\/p>\n","protected":false},"excerpt":{"rendered":"<p>Morelia, Michoac\u00e1n, 28 de abril de 2026.- El gobernador Alfredo Ram\u00edrez Bedolla abri\u00f3 a la circulaci\u00f3n los cuatro carriles superiores del puente vehicular Independencia en las inmediaciones de Polic\u00eda y Tr\u00e1nsito, en Morelia, para poner fin al conflicto vial ocasionado por el paso del tren. Inform\u00f3 que esta obra se realiz\u00f3 con una inversi\u00f3n 100 [&hellip;]<\/p>\n","protected":false},"author":2,"featured_media":72584,"comment_status":"closed","ping_status":"closed","sticky":false,"template":"","format":"standard","meta":{"footnotes":""},"categories":[3],"tags":[],"class_list":["post-72581","post","type-post","status-publish","format-standard","has-post-thumbnail","hentry","category-gobierno-del-estado-de-michoacan"],"_links":{"self":[{"href":"https:\/\/radiowebmx.com\/nota\/wp-json\/wp\/v2\/posts\/72581","targetHints":{"allow":["GET"]}}],"collection":[{"href":"https:\/\/radiowebmx.com\/nota\/wp-json\/wp\/v2\/posts"}],"about":[{"href":"https:\/\/radiowebmx.com\/nota\/wp-json\/wp\/v2\/types\/post"}],"author":[{"embeddable":true,"href":"https:\/\/radiowebmx.com\/nota\/wp-json\/wp\/v2\/users\/2"}],"replies":[{"embeddable":true,"href":"https:\/\/radiowebmx.com\/nota\/wp-json\/wp\/v2\/comments?post=72581"}],"version-history":[{"count":1,"href":"https:\/\/radiowebmx.com\/nota\/wp-json\/wp\/v2\/posts\/72581\/revisions"}],"predecessor-version":[{"id":72585,"href":"https:\/\/radiowebmx.com\/nota\/wp-json\/wp\/v2\/posts\/72581\/revisions\/72585"}],"wp:featuredmedia":[{"embeddable":true,"href":"https:\/\/radiowebmx.com\/nota\/wp-json\/wp\/v2\/media\/72584"}],"wp:attachment":[{"href":"https:\/\/radiowebmx.com\/nota\/wp-json\/wp\/v2\/media?parent=72581"}],"wp:term":[{"taxonomy":"category","embeddable":true,"href":"https:\/\/radiowebmx.com\/nota\/wp-json\/wp\/v2\/categories?post=72581"},{"taxonomy":"post_tag","embeddable":true,"href":"https:\/\/radiowebmx.com\/nota\/wp-json\/wp\/v2\/tags?post=72581"}],"curies":[{"name":"wp","href":"https:\/\/api.w.org\/{rel}","templated":true}]}}