{"id":72556,"date":"2026-04-28T16:12:20","date_gmt":"2026-04-28T21:12:20","guid":{"rendered":"https:\/\/radiowebmx.com\/nota\/?p=72556"},"modified":"2026-04-28T16:12:23","modified_gmt":"2026-04-28T21:12:23","slug":"donald-trump-el-emperador-maldito","status":"publish","type":"post","link":"https:\/\/radiowebmx.com\/nota\/donald-trump-el-emperador-maldito\/","title":{"rendered":"Donald Trump: El emperador maldito\u00a0"},"content":{"rendered":"\n<p><strong>Por:\u00a0Marco Antonio Aguilar Cort\u00e9s<\/strong><\/p>\n\n\n\n<p>Afirm\u00f3 Donald Trump, presidente de los EUA: \u201cLeo deber\u00eda estar agradecido conmigo. Leo no estaba en ninguna lista para ser Papa. Si yo no estuviera en la Casa Blanca, Leo no estar\u00eda en el Vaticano. Por sentido com\u00fan, \u2018Leo\u2019, el Papa Le\u00f3n XIV me debe su cargo\u201d.<\/p>\n\n\n\n<p>Esas aseveraciones tuvieron sus causas, y han producido efectos poco gratos.<\/p>\n\n\n\n<p>Sus causas son, entre otros, la actitud belicosa, insaciable y da\u00f1ina de la pol\u00edtica internacional de Trump.<\/p>\n\n\n\n<p>A la vista de todos, Donald tiene un perfil pendenciero de bravuc\u00f3n terco, y no de cantina, sino de capacidad nuclear.<\/p>\n\n\n\n<p>Agr\u00e9guese, a eso, que el actual presidente de los EUA carece de la m\u00ednima capacidad de autocr\u00edtica, pero, s\u00ed, tiene una visi\u00f3n totalmente deformada de la realidad, sobre todo de sus actos. Se sobrevalora demasiado.<\/p>\n\n\n\n<p>Presume Trump, por ejemplo, que durante su segundo mandato (casi un a\u00f1o tres meses): \u201cHe terminado diez guerras, lo que es un record nunca antes visto.\u201d<\/p>\n\n\n\n<p>Lo que no dice Donald, es que \u00e9l ha iniciado esas guerras. Son sus propias beligerancias, peligrosas y ofensivas, que deja inacabadas, y con indecorosas secuelas.<\/p>\n\n\n\n<p>La humanidad, entre temerosa y sorprendida, es v\u00edctima de guerra.<\/p>\n\n\n\n<p>Dentro de esa realidad, el Papa Le\u00f3n XIV implor\u00f3, durante una vigilia por la paz en la bas\u00edlica de San Pedro, en Roma: \u201c\u00a1Basta ya de la exhibici\u00f3n de la fuerza!&nbsp;\u00a1Basta ya de la guerra!&nbsp;La verdadera fuerza, se manifiesta en el servicio a la vida\u201d.<\/p>\n\n\n\n<p>Esa plegaria papal desat\u00f3 la ira del presidente Trump, llegando, \u00e9ste, a las groseras injurias y a las payasadas vejatorias en contra del Papa.<\/p>\n\n\n\n<p>No repetir\u00e9 lo que ambos se han dicho, y se han hecho. Considero que el Papa Le\u00f3n XIV no debi\u00f3 engancharse en la bajeza de Donald.<\/p>\n\n\n\n<p>Su investidura papal debe ser cuidada como la de un gran gu\u00eda espiritual, a favor de la paz; y sus pensamientos, expresiones y acciones deben de seguir manifestando el esplendor de un humanismo inteligente y eficaz.<\/p>\n\n\n\n<p>Trump, seguir\u00e1 en desgaste, con rid\u00edculos disfraces de Cristo, de doctor celestial, y de ap\u00f3stol de pacotilla.<\/p>\n\n\n\n<p>Ojal\u00e1 y pronto, la sensata poblaci\u00f3n estadunidense (que es mayoritaria) tom\u00e9 las medidas legales para frenar la conducta antijur\u00eddica de Donald Trump.<\/p>\n\n\n\n<p>M\u00e9xico, por desgracia, tambi\u00e9n padece de un gobierno desatinado, que ha venido destrozando las mejores instituciones que ten\u00eda nuestro pa\u00eds.<\/p>\n\n\n\n<p>La presidente formal sali\u00f3 a Espa\u00f1a, a una clara y precisa reuni\u00f3n cumbre anti-Trump, y afirm\u00f3 que realizaba este viaje \u201cen favor de la paz\u201d, emitiendo un alarido destemplado: \u201c\u00a1Viva la paz!, siempre\u201d; mientras un peque\u00f1o grupo de empleados del consulado mexicano en Barcelona gritaba bajo consigna: \u201cEs un honor estar con Obrador\u201d.<\/p>\n\n\n\n<p>Claro, cada quien tiene su idea de lo que significa la \u201cpaz\u201d; y, en el caso personal de Claudia Sheinbaum Pardo, no da para mucho.<\/p>\n\n\n\n<p>Asegur\u00f3 Sheinbaum: \u201cLa paz es la no intervenci\u00f3n y la autodeterminaci\u00f3n de los pueblos\u201d; pero, minutos antes, sac\u00f3 una pancarta con la fotograf\u00eda de la ex presidente de Argentina, Kirchner, y grit\u00f3 en plena v\u00eda p\u00fablica: \u201cMucha fuerza Cristina, Estamos contigo\u201d, meti\u00e9ndose en asuntos pol\u00edticos argentinos.<\/p>\n\n\n<div class=\"wp-block-image\">\n<figure class=\"aligncenter is-resized\"><img decoding=\"async\" src=\"https:\/\/www.siempre.mx\/wp-content\/uploads\/2026\/04\/Aguilar-Cortes-3802-1.jpg\" alt=\"\" class=\"wp-image-327810\" style=\"width:182px;height:auto\"\/><\/figure><\/div>\n\n\n<p>Su concepto particular de \u201cpaz\u201d, dentro de nuestra pol\u00edtica exterior, es endeble y en desajuste; adem\u00e1s, se observa que no reflexion\u00f3 todas las circunstancias de su visita y de sus participaciones en Espa\u00f1a.<\/p>\n\n\n\n<p>Debi\u00f3 valorar, con diplom\u00e1ticos mexicanos profesionales, el espacio, el tiempo, los convocantes, los asistentes, los fines superficiales y los profundos de esa cumbre.<\/p>\n\n\n\n<p>No analiz\u00f3, con seriedad y prudencia, su propia capacidad personal, relacionada con los problemas de nuestro pa\u00eds en pol\u00edtica exterior actualizada.<\/p>\n\n\n\n<p>Esa responsabilidad presidencial debe fincarse en una pol\u00edtica internacional mexicana de s\u00f3lida y eficiente base colectiva.<\/p>\n\n\n\n<p>Pero, en fin, ya se dio la participaci\u00f3n de la presidente Sheinbaum en esa asamblea internacional realizada contra el presidente de los EUA, y su insensatez desparpajada, ha puesto en riesgo grave a M\u00e9xico.<\/p>\n\n\n\n<p>Si Trump se porta como un emperador maldito, nuestra presidente formal tiene la responsabilidad de la cordura.<\/p>\n\n\n\n<p>Tres mil kil\u00f3metros de frontera nos unen geogr\u00e1ficamente con los EUA. Nuestra econom\u00eda depende en un 83% de la econom\u00eda de ellos. M\u00e1s de 40 millones de mexicanos viven en EUA, pa\u00eds que es el eje del capitalismo mundial.<\/p>\n\n\n\n<p>A nuestra realidad geogr\u00e1fica, hist\u00f3rica, econ\u00f3mica, pol\u00edtica, debemos sacarle ventajas con inteligencia y con dignidad; lamentablemente, \u00e9stas, son dos virtudes que no tiene ni Obrador ni Sheinbaum.<\/p>\n","protected":false},"excerpt":{"rendered":"<p>Por:\u00a0Marco Antonio Aguilar Cort\u00e9s Afirm\u00f3 Donald Trump, presidente de los EUA: \u201cLeo deber\u00eda estar agradecido conmigo. Leo no estaba en ninguna lista para ser Papa. Si yo no estuviera en la Casa Blanca, Leo no estar\u00eda en el Vaticano. Por sentido com\u00fan, \u2018Leo\u2019, el Papa Le\u00f3n XIV me debe su cargo\u201d. Esas aseveraciones tuvieron sus [&hellip;]<\/p>\n","protected":false},"author":2,"featured_media":72490,"comment_status":"closed","ping_status":"closed","sticky":false,"template":"","format":"standard","meta":{"footnotes":""},"categories":[61],"tags":[],"class_list":["post-72556","post","type-post","status-publish","format-standard","has-post-thumbnail","hentry","category-lic-marco-antonio-aguilar-cortes"],"_links":{"self":[{"href":"https:\/\/radiowebmx.com\/nota\/wp-json\/wp\/v2\/posts\/72556","targetHints":{"allow":["GET"]}}],"collection":[{"href":"https:\/\/radiowebmx.com\/nota\/wp-json\/wp\/v2\/posts"}],"about":[{"href":"https:\/\/radiowebmx.com\/nota\/wp-json\/wp\/v2\/types\/post"}],"author":[{"embeddable":true,"href":"https:\/\/radiowebmx.com\/nota\/wp-json\/wp\/v2\/users\/2"}],"replies":[{"embeddable":true,"href":"https:\/\/radiowebmx.com\/nota\/wp-json\/wp\/v2\/comments?post=72556"}],"version-history":[{"count":1,"href":"https:\/\/radiowebmx.com\/nota\/wp-json\/wp\/v2\/posts\/72556\/revisions"}],"predecessor-version":[{"id":72557,"href":"https:\/\/radiowebmx.com\/nota\/wp-json\/wp\/v2\/posts\/72556\/revisions\/72557"}],"wp:featuredmedia":[{"embeddable":true,"href":"https:\/\/radiowebmx.com\/nota\/wp-json\/wp\/v2\/media\/72490"}],"wp:attachment":[{"href":"https:\/\/radiowebmx.com\/nota\/wp-json\/wp\/v2\/media?parent=72556"}],"wp:term":[{"taxonomy":"category","embeddable":true,"href":"https:\/\/radiowebmx.com\/nota\/wp-json\/wp\/v2\/categories?post=72556"},{"taxonomy":"post_tag","embeddable":true,"href":"https:\/\/radiowebmx.com\/nota\/wp-json\/wp\/v2\/tags?post=72556"}],"curies":[{"name":"wp","href":"https:\/\/api.w.org\/{rel}","templated":true}]}}