{"id":72553,"date":"2026-04-28T16:10:04","date_gmt":"2026-04-28T21:10:04","guid":{"rendered":"https:\/\/radiowebmx.com\/nota\/?p=72553"},"modified":"2026-04-28T16:10:06","modified_gmt":"2026-04-28T21:10:06","slug":"rodada-infantil","status":"publish","type":"post","link":"https:\/\/radiowebmx.com\/nota\/rodada-infantil\/","title":{"rendered":"Rodada Infantil"},"content":{"rendered":"\n<p>\u00a1Preparen las bicis, los patines y el casco! \ud83d\udeb2\ud83d\udef4 Este martes 28 de abril, la avenida Amalia Sol\u00f3rzano se llenar\u00e1 de sonrisas con una rodada infantil, en el marco del \u00a1Jalo por las Ni\u00f1as y los Ni\u00f1os!<br>Ll\u00e9vate a tus peques, seguro lo van a disfrutar. La cita es a las 17:00 horas, el acceso es libre. \u00a1Te esperamos!<\/p>\n","protected":false},"excerpt":{"rendered":"<p>\u00a1Preparen las bicis, los patines y el casco! \ud83d\udeb2\ud83d\udef4 Este martes 28 de abril, la avenida Amalia Sol\u00f3rzano se llenar\u00e1 de sonrisas con una rodada infantil, en el marco del \u00a1Jalo por las Ni\u00f1as y los Ni\u00f1os!Ll\u00e9vate a tus peques, seguro lo van a disfrutar. La cita es a las 17:00 horas, el acceso es [&hellip;]<\/p>\n","protected":false},"author":2,"featured_media":72554,"comment_status":"closed","ping_status":"closed","sticky":false,"template":"","format":"standard","meta":{"footnotes":""},"categories":[3],"tags":[],"class_list":["post-72553","post","type-post","status-publish","format-standard","has-post-thumbnail","hentry","category-gobierno-del-estado-de-michoacan"],"_links":{"self":[{"href":"https:\/\/radiowebmx.com\/nota\/wp-json\/wp\/v2\/posts\/72553","targetHints":{"allow":["GET"]}}],"collection":[{"href":"https:\/\/radiowebmx.com\/nota\/wp-json\/wp\/v2\/posts"}],"about":[{"href":"https:\/\/radiowebmx.com\/nota\/wp-json\/wp\/v2\/types\/post"}],"author":[{"embeddable":true,"href":"https:\/\/radiowebmx.com\/nota\/wp-json\/wp\/v2\/users\/2"}],"replies":[{"embeddable":true,"href":"https:\/\/radiowebmx.com\/nota\/wp-json\/wp\/v2\/comments?post=72553"}],"version-history":[{"count":1,"href":"https:\/\/radiowebmx.com\/nota\/wp-json\/wp\/v2\/posts\/72553\/revisions"}],"predecessor-version":[{"id":72555,"href":"https:\/\/radiowebmx.com\/nota\/wp-json\/wp\/v2\/posts\/72553\/revisions\/72555"}],"wp:featuredmedia":[{"embeddable":true,"href":"https:\/\/radiowebmx.com\/nota\/wp-json\/wp\/v2\/media\/72554"}],"wp:attachment":[{"href":"https:\/\/radiowebmx.com\/nota\/wp-json\/wp\/v2\/media?parent=72553"}],"wp:term":[{"taxonomy":"category","embeddable":true,"href":"https:\/\/radiowebmx.com\/nota\/wp-json\/wp\/v2\/categories?post=72553"},{"taxonomy":"post_tag","embeddable":true,"href":"https:\/\/radiowebmx.com\/nota\/wp-json\/wp\/v2\/tags?post=72553"}],"curies":[{"name":"wp","href":"https:\/\/api.w.org\/{rel}","templated":true}]}}