{"id":72549,"date":"2026-04-28T15:48:21","date_gmt":"2026-04-28T20:48:21","guid":{"rendered":"https:\/\/radiowebmx.com\/nota\/?p=72549"},"modified":"2026-04-28T15:48:23","modified_gmt":"2026-04-28T20:48:23","slug":"monica-valdez-pulido-encabeza-centenario-luctuoso-de-primo-tapia-y-llama-a-mantener-viva-la-lucha-por-la-justicia-social","status":"publish","type":"post","link":"https:\/\/radiowebmx.com\/nota\/monica-valdez-pulido-encabeza-centenario-luctuoso-de-primo-tapia-y-llama-a-mantener-viva-la-lucha-por-la-justicia-social\/","title":{"rendered":"M\u00f3nica Valdez Pulido encabeza centenario luctuoso de Primo Tapia y llama a mantener viva la lucha por la justicia social"},"content":{"rendered":"\n<h2 class=\"wp-block-heading\"><strong>Conmemora Zacapu el aniversario del s\u00edmbolo de lucha agraria y justicia social<\/strong><\/h2>\n\n\n\n<p>En el marco del primer centenario luctuoso de Primo Tapia de la Cruz, la presidenta municipal M\u00f3nica Valdez Pulido encabez\u00f3 una ceremonia conmemorativa en la comunidad de Naranja de Tapia, donde se record\u00f3 la vida y legado de uno de los m\u00e1s grandes defensores de la tierra y los derechos de los pueblos ind\u00edgenas en Michoac\u00e1n.<\/p>\n\n\n\n<p>Durante su mensaje, la alcaldesa destac\u00f3 que Primo Tapia no solo fue un l\u00edder revolucionario, sino un s\u00edmbolo de dignidad y organizaci\u00f3n comunitaria. Subray\u00f3 que su lucha por la restituci\u00f3n de tierras ejidales y comunales, as\u00ed como su papel al frente de la organizaci\u00f3n agrarista en la entidad, marcaron un antes y un despu\u00e9s en la historia social del estado.<\/p>\n\n\n\n<figure class=\"wp-block-image size-full is-resized\"><a href=\"https:\/\/radiowebmx.com\/nota\/wp-content\/uploads\/2026\/04\/image-11.png\"><img loading=\"lazy\" decoding=\"async\" width=\"394\" height=\"263\" src=\"https:\/\/radiowebmx.com\/nota\/wp-content\/uploads\/2026\/04\/image-11.png\" alt=\"\" class=\"wp-image-72550\" style=\"width:370px;height:auto\"\/><\/a><\/figure>\n\n\n\n<p>\u201cHoy venimos a honrar a un hombre que entreg\u00f3 su vida por su gente, por la justicia y por la tierra. Primo Tapia vive en cada campesino, en cada mujer y en cada comunidad que sigue defendiendo sus derechos\u201d, expres\u00f3 M\u00f3nica Valdez Pulido ante habitantes de la tenencia y autoridades presentes.<\/p>\n\n\n\n<p>Asimismo, record\u00f3 que el tambi\u00e9n llamado \u201cm\u00e1rtir del agrarismo\u201d impuls\u00f3 importantes acciones en favor del desarrollo comunitario, como la construcci\u00f3n de caminos, sistemas de riego, escuelas y cooperativas, fortaleciendo as\u00ed el tejido social en su tierra natal y en distintas regiones de Michoac\u00e1n.<\/p>\n\n\n\n<p>En ese sentido, la presidenta municipal hizo un llamado a mantener vivo el legado de lucha y organizaci\u00f3n que dej\u00f3 Primo Tapia. \u201cQue su ejemplo nos gu\u00ede para seguir construyendo un Zacapu con justicia social, donde nadie se quede atr\u00e1s y donde nuestras ra\u00edces sean siempre motivo de orgullo\u201d, enfatiz\u00f3.<\/p>\n\n\n\n<p>Finalmente, M\u00f3nica Valdez Pulido reiter\u00f3 el compromiso del Gobierno de Zacapu de trabajar por y para quienes m\u00e1s lo necesitan, impulsando acciones con sentido humanista y fortaleciendo la identidad de un municipio que honra su historia y reconoce en sus h\u00e9roes el camino hacia un mejor futuro.<\/p>\n","protected":false},"excerpt":{"rendered":"<p>Conmemora Zacapu el aniversario del s\u00edmbolo de lucha agraria y justicia social En el marco del primer centenario luctuoso de Primo Tapia de la Cruz, la presidenta municipal M\u00f3nica Valdez Pulido encabez\u00f3 una ceremonia conmemorativa en la comunidad de Naranja de Tapia, donde se record\u00f3 la vida y legado de uno de los m\u00e1s grandes [&hellip;]<\/p>\n","protected":false},"author":2,"featured_media":72551,"comment_status":"closed","ping_status":"closed","sticky":false,"template":"","format":"standard","meta":{"footnotes":""},"categories":[96],"tags":[],"class_list":["post-72549","post","type-post","status-publish","format-standard","has-post-thumbnail","hentry","category-municipios"],"_links":{"self":[{"href":"https:\/\/radiowebmx.com\/nota\/wp-json\/wp\/v2\/posts\/72549","targetHints":{"allow":["GET"]}}],"collection":[{"href":"https:\/\/radiowebmx.com\/nota\/wp-json\/wp\/v2\/posts"}],"about":[{"href":"https:\/\/radiowebmx.com\/nota\/wp-json\/wp\/v2\/types\/post"}],"author":[{"embeddable":true,"href":"https:\/\/radiowebmx.com\/nota\/wp-json\/wp\/v2\/users\/2"}],"replies":[{"embeddable":true,"href":"https:\/\/radiowebmx.com\/nota\/wp-json\/wp\/v2\/comments?post=72549"}],"version-history":[{"count":1,"href":"https:\/\/radiowebmx.com\/nota\/wp-json\/wp\/v2\/posts\/72549\/revisions"}],"predecessor-version":[{"id":72552,"href":"https:\/\/radiowebmx.com\/nota\/wp-json\/wp\/v2\/posts\/72549\/revisions\/72552"}],"wp:featuredmedia":[{"embeddable":true,"href":"https:\/\/radiowebmx.com\/nota\/wp-json\/wp\/v2\/media\/72551"}],"wp:attachment":[{"href":"https:\/\/radiowebmx.com\/nota\/wp-json\/wp\/v2\/media?parent=72549"}],"wp:term":[{"taxonomy":"category","embeddable":true,"href":"https:\/\/radiowebmx.com\/nota\/wp-json\/wp\/v2\/categories?post=72549"},{"taxonomy":"post_tag","embeddable":true,"href":"https:\/\/radiowebmx.com\/nota\/wp-json\/wp\/v2\/tags?post=72549"}],"curies":[{"name":"wp","href":"https:\/\/api.w.org\/{rel}","templated":true}]}}