{"id":72545,"date":"2026-04-28T15:44:52","date_gmt":"2026-04-28T20:44:52","guid":{"rendered":"https:\/\/radiowebmx.com\/nota\/?p=72545"},"modified":"2026-04-28T15:44:54","modified_gmt":"2026-04-28T20:44:54","slug":"mas-garantias-para-las-personas-que-intervienen-en-un-proceso-penal-propone-vanhe-caratachea","status":"publish","type":"post","link":"https:\/\/radiowebmx.com\/nota\/mas-garantias-para-las-personas-que-intervienen-en-un-proceso-penal-propone-vanhe-caratachea\/","title":{"rendered":"M\u00e1s garant\u00edas para las personas que intervienen en un proceso penal, propone Vanhe Caratachea"},"content":{"rendered":"\n<p><strong>La diputada present\u00f3 una iniciativa para que las personas que intervienen en un juicio tengan derecho de audiencia cuando se les nieguen medidas de protecci\u00f3n.<\/strong><\/p>\n\n\n\n<p>Morelia, Michoac\u00e1n, a 27 de abril de 2026.- Que v\u00edctimas, testigos, colaboradores, servidores p\u00fablicos y dem\u00e1s personas involucradas en un proceso penal tengan m\u00e1s garant\u00edas en torno a las medidas de protecci\u00f3n, propone la diputada Ana Vanesa Caratachea S\u00e1nchez.<\/p>\n\n\n\n<figure class=\"wp-block-image size-full is-resized\"><a href=\"https:\/\/radiowebmx.com\/nota\/wp-content\/uploads\/2026\/04\/image-10.png\"><img loading=\"lazy\" decoding=\"async\" width=\"394\" height=\"263\" src=\"https:\/\/radiowebmx.com\/nota\/wp-content\/uploads\/2026\/04\/image-10.png\" alt=\"\" class=\"wp-image-72546\" style=\"width:376px;height:auto\"\/><\/a><\/figure>\n\n\n\n<p>La legisladora del PAN present\u00f3 una iniciativa de reforma a la Ley para la Protecci\u00f3n de Personas Intervinientes en el Proceso Penal para que las negativas de medidas de protecci\u00f3n est\u00e9n debidamente fundamentadas, para que se brinde derecho de audiencia a las personas intervinientes y adem\u00e1s se les brinde una s\u00edntesis del estudio t\u00e9cnico.<\/p>\n\n\n\n<p>Todo ello, apunt\u00f3, para garantizarles una mayor protecci\u00f3n y que de este modo exista m\u00e1s confianza en las instituciones y con ello disposici\u00f3n de denunciar conductas il\u00edcitas, lo cual no existe actualmente del todo.<\/p>\n\n\n\n<p>\u201cSin la garant\u00eda efectiva de seguridad para v\u00edctimas, testigos, colaboradores, servidores p\u00fablicos y dem\u00e1s personas cuya participaci\u00f3n resulta indispensable para el esclarecimiento de los hechos delictivos, el ejercicio de la funci\u00f3n penal del Estado se ve seriamente comprometido\u201d, declar\u00f3 la diputada de La Piedad.<\/p>\n\n\n\n<p>Vanhe Caratachea explic\u00f3 que cuando se niega el ingreso a un programa de protecci\u00f3n o se suspenden las medidas de seguridad, los testigos, v\u00edctimas y otros involucrados quedan en una situaci\u00f3n de vulnerabilidad extrema.<\/p>\n\n\n\n<p>Esta propuesta prev\u00e9 tambi\u00e9n la posibilidad de que se adopten decisiones inmediatas sin audiencia previa, pero s\u00f3lo en los casos en que exista un peligro real y \u00e9ste se encuentre debidamente acreditado.<\/p>\n","protected":false},"excerpt":{"rendered":"<p>La diputada present\u00f3 una iniciativa para que las personas que intervienen en un juicio tengan derecho de audiencia cuando se les nieguen medidas de protecci\u00f3n. Morelia, Michoac\u00e1n, a 27 de abril de 2026.- Que v\u00edctimas, testigos, colaboradores, servidores p\u00fablicos y dem\u00e1s personas involucradas en un proceso penal tengan m\u00e1s garant\u00edas en torno a las medidas [&hellip;]<\/p>\n","protected":false},"author":2,"featured_media":72547,"comment_status":"closed","ping_status":"closed","sticky":false,"template":"","format":"standard","meta":{"footnotes":""},"categories":[6],"tags":[],"class_list":["post-72545","post","type-post","status-publish","format-standard","has-post-thumbnail","hentry","category-congreso-del-estado"],"_links":{"self":[{"href":"https:\/\/radiowebmx.com\/nota\/wp-json\/wp\/v2\/posts\/72545","targetHints":{"allow":["GET"]}}],"collection":[{"href":"https:\/\/radiowebmx.com\/nota\/wp-json\/wp\/v2\/posts"}],"about":[{"href":"https:\/\/radiowebmx.com\/nota\/wp-json\/wp\/v2\/types\/post"}],"author":[{"embeddable":true,"href":"https:\/\/radiowebmx.com\/nota\/wp-json\/wp\/v2\/users\/2"}],"replies":[{"embeddable":true,"href":"https:\/\/radiowebmx.com\/nota\/wp-json\/wp\/v2\/comments?post=72545"}],"version-history":[{"count":1,"href":"https:\/\/radiowebmx.com\/nota\/wp-json\/wp\/v2\/posts\/72545\/revisions"}],"predecessor-version":[{"id":72548,"href":"https:\/\/radiowebmx.com\/nota\/wp-json\/wp\/v2\/posts\/72545\/revisions\/72548"}],"wp:featuredmedia":[{"embeddable":true,"href":"https:\/\/radiowebmx.com\/nota\/wp-json\/wp\/v2\/media\/72547"}],"wp:attachment":[{"href":"https:\/\/radiowebmx.com\/nota\/wp-json\/wp\/v2\/media?parent=72545"}],"wp:term":[{"taxonomy":"category","embeddable":true,"href":"https:\/\/radiowebmx.com\/nota\/wp-json\/wp\/v2\/categories?post=72545"},{"taxonomy":"post_tag","embeddable":true,"href":"https:\/\/radiowebmx.com\/nota\/wp-json\/wp\/v2\/tags?post=72545"}],"curies":[{"name":"wp","href":"https:\/\/api.w.org\/{rel}","templated":true}]}}