{"id":72542,"date":"2026-04-28T15:41:35","date_gmt":"2026-04-28T20:41:35","guid":{"rendered":"https:\/\/radiowebmx.com\/nota\/?p=72542"},"modified":"2026-04-28T15:41:38","modified_gmt":"2026-04-28T20:41:38","slug":"el-centro-de-convenciones-plaza-de-la-paz-sera-una-realidad-alfonso-martinez-alcazar","status":"publish","type":"post","link":"https:\/\/radiowebmx.com\/nota\/el-centro-de-convenciones-plaza-de-la-paz-sera-una-realidad-alfonso-martinez-alcazar\/","title":{"rendered":"El Centro de Convenciones Plaza de la Paz, ser\u00e1 una realidad: Alfonso Mart\u00ednez Alc\u00e1zar"},"content":{"rendered":"\n<p><strong>Con su construcci\u00f3n se consolida rescate del Centro Norte de Morelia<\/strong><\/p>\n\n\n\n<p>Morelia, Michoac\u00e1n.- En sesi\u00f3n extraordinaria, el Cabildo aprob\u00f3 que el presidente municipal de Morelia, Alfonso Mart\u00ednez Alc\u00e1zar, junto con los servidores p\u00fablicos requeridos por el Gobierno del Estado, suscriba el Convenio de Coordinaci\u00f3n de Acciones en Materia de Desarrollo Social para el Financiamiento de Proyectos Regionales y\/o Prioritarios para la Pol\u00edtica de Infraestructura Estatal (Faeispum).<\/p>\n\n\n\n<p>Como parte de este acuerdo, tambi\u00e9n se aprob\u00f3 la modificaci\u00f3n del proyecto \u201cCentro Cultural y de Convenciones: Plaza de la Paz\u201d, lo que permitir\u00e1 llevar a cabo una primera etapa de inversi\u00f3n, garantizando su viabilidad financiera y continuidad. El objetivo es construir un espacio de alta calidad que atienda las necesidades del turismo y la creciente demanda de eventos en el Centro Hist\u00f3rico, consolidando a Morelia como un destino de congresos y convenciones.<\/p>\n\n\n\n<p>\u201cSe culmina uno de los cap\u00edtulos del rescate del Centro-Norte de la ciudad, plasmado en este proyecto de gran visi\u00f3n\u201d, destac\u00f3 el Alfonso Mart\u00ednez quien record\u00f3 adem\u00e1s que este proyecto forma parte de un plan integral de desarrollo urbano impulsado desde 2015, el cual contempla la recuperaci\u00f3n del centro norte de la ciudad mediante obras como el Centro Administrativo de Morelia (CAM), los Juzgados C\u00edvicos, el C4, la rehabilitaci\u00f3n de la avenida H\u00e9roes de Nocup\u00e9taro y la conexi\u00f3n peatonal hacia la Plaza de la Paz.<\/p>\n\n\n<div class=\"wp-block-image\">\n<figure class=\"aligncenter\"><a class=\"single-image-gallery\" href=\"https:\/\/noticiasenmichoacan.wordpress.com\/2026\/04\/27\/el-centro-de-convenciones-plaza-de-la-paz-sera-una-realidad-alfonso-martinez-alcazar\/whatsapp-image-2026-04-27-at-6-50-05-pm\/\"><img decoding=\"async\" src=\"https:\/\/noticiasenmichoacan.wordpress.com\/wp-content\/uploads\/2026\/04\/whatsapp-image-2026-04-27-at-6.50.05-pm.jpeg\" alt=\"\" class=\"wp-image-187350\"\/><\/a><\/figure><\/div>\n\n\n<p>Asimismo, asegur\u00f3 que este proyecto responde a una visi\u00f3n de largo plazo que fortalecer\u00e1 la vocaci\u00f3n tur\u00edstica de Morelia y generar\u00e1 una importante derrama econ\u00f3mica para el municipio.<\/p>\n\n\n\n<p>A su vez, la regidora Mariana Orozco Hern\u00e1ndez destac\u00f3 la relevancia del proyecto, al se\u00f1alar que permitir\u00e1 acceder a una inversi\u00f3n aproximada de 50 millones de pesos para el desarrollo de la Plaza de la Paz.<\/p>\n\n\n\n<p>Adem\u00e1s, reconoci\u00f3 el trabajo coordinado de distintas \u00e1reas del Gobierno Municipal, como la Secretar\u00eda de Obras P\u00fablicas, encabezada por Juan Fernando Sosa Tapia, y la Secretar\u00eda de Desarrollo Urbano y Movilidad, a cargo de Joanna Moreno Manzo, as\u00ed como la coordinaci\u00f3n con el Gobierno del Estado.<\/p>\n\n\n\n<p>Finalmente, se destac\u00f3 que el proyecto \u201cCentro de Convenciones: Plaza de la Paz\u201d traer\u00e1 beneficios para el desarrollo urbano, tur\u00edstico y econ\u00f3mico de Morelia, contribuyendo a consolidar a la capital michoacana como una de las mejores ciudades para vivir.<\/p>\n","protected":false},"excerpt":{"rendered":"<p>Con su construcci\u00f3n se consolida rescate del Centro Norte de Morelia Morelia, Michoac\u00e1n.- En sesi\u00f3n extraordinaria, el Cabildo aprob\u00f3 que el presidente municipal de Morelia, Alfonso Mart\u00ednez Alc\u00e1zar, junto con los servidores p\u00fablicos requeridos por el Gobierno del Estado, suscriba el Convenio de Coordinaci\u00f3n de Acciones en Materia de Desarrollo Social para el Financiamiento de [&hellip;]<\/p>\n","protected":false},"author":2,"featured_media":72543,"comment_status":"closed","ping_status":"closed","sticky":false,"template":"","format":"standard","meta":{"footnotes":""},"categories":[9],"tags":[],"class_list":["post-72542","post","type-post","status-publish","format-standard","has-post-thumbnail","hentry","category-morelia"],"_links":{"self":[{"href":"https:\/\/radiowebmx.com\/nota\/wp-json\/wp\/v2\/posts\/72542","targetHints":{"allow":["GET"]}}],"collection":[{"href":"https:\/\/radiowebmx.com\/nota\/wp-json\/wp\/v2\/posts"}],"about":[{"href":"https:\/\/radiowebmx.com\/nota\/wp-json\/wp\/v2\/types\/post"}],"author":[{"embeddable":true,"href":"https:\/\/radiowebmx.com\/nota\/wp-json\/wp\/v2\/users\/2"}],"replies":[{"embeddable":true,"href":"https:\/\/radiowebmx.com\/nota\/wp-json\/wp\/v2\/comments?post=72542"}],"version-history":[{"count":1,"href":"https:\/\/radiowebmx.com\/nota\/wp-json\/wp\/v2\/posts\/72542\/revisions"}],"predecessor-version":[{"id":72544,"href":"https:\/\/radiowebmx.com\/nota\/wp-json\/wp\/v2\/posts\/72542\/revisions\/72544"}],"wp:featuredmedia":[{"embeddable":true,"href":"https:\/\/radiowebmx.com\/nota\/wp-json\/wp\/v2\/media\/72543"}],"wp:attachment":[{"href":"https:\/\/radiowebmx.com\/nota\/wp-json\/wp\/v2\/media?parent=72542"}],"wp:term":[{"taxonomy":"category","embeddable":true,"href":"https:\/\/radiowebmx.com\/nota\/wp-json\/wp\/v2\/categories?post=72542"},{"taxonomy":"post_tag","embeddable":true,"href":"https:\/\/radiowebmx.com\/nota\/wp-json\/wp\/v2\/tags?post=72542"}],"curies":[{"name":"wp","href":"https:\/\/api.w.org\/{rel}","templated":true}]}}