{"id":7230,"date":"2014-05-26T11:39:57","date_gmt":"2014-05-26T16:39:57","guid":{"rendered":"https:\/\/radiowebmx.com\/nota\/?p=7230"},"modified":"2014-05-26T11:39:57","modified_gmt":"2014-05-26T16:39:57","slug":"compromiso-con-la-nutricion-promueve-transparencia-y-participacion-social","status":"publish","type":"post","link":"https:\/\/radiowebmx.com\/nota\/compromiso-con-la-nutricion-promueve-transparencia-y-participacion-social\/","title":{"rendered":"COMPROMISO CON LA NUTRICI\u00d3N PROMUEVE TRANSPARENCIA Y PARTICIPACI\u00d3N SOCIAL"},"content":{"rendered":"<p><a href=\"https:\/\/radiowebmx.com\/nota\/wp-content\/uploads\/2014\/05\/IMG_9804.jpg\"><img loading=\"lazy\" decoding=\"async\" class=\"alignleft size-full wp-image-7231\" alt=\"IMG_9804\" src=\"https:\/\/radiowebmx.com\/nota\/wp-content\/uploads\/2014\/05\/IMG_9804.jpg\" width=\"591\" height=\"269\" srcset=\"https:\/\/radiowebmx.com\/nota\/wp-content\/uploads\/2014\/05\/IMG_9804.jpg 591w, https:\/\/radiowebmx.com\/nota\/wp-content\/uploads\/2014\/05\/IMG_9804-300x136.jpg 300w\" sizes=\"auto, (max-width: 591px) 100vw, 591px\" \/><\/a>Con el af\u00e1n de garantizar la calidad en el manejo adecuado y transparente del programa Compromiso con la Nutrici\u00f3n de los Adultos Mayores (CNAM), la actual administraci\u00f3n estatal promovi\u00f3 la creaci\u00f3n de las contralor\u00edas sociales en distintos municipios de Michoac\u00e1n; as\u00ed lo record\u00f3 Rodrigo Maldonado L\u00f3pez, secretario de Pol\u00edtica Social, durante la octava sesi\u00f3n ordinaria del Comit\u00e9 Estatal de Transparencia.<\/p>\n<p>Maldonado L\u00f3pez inform\u00f3 a los integrantes del Comit\u00e9 Estatal que durante el presente mes se dio inicio a la capacitaci\u00f3n sobre las Reglas de Operaci\u00f3n del programa, a los responsables de aplicarlo en los 113 municipios michoacanos, de manera conjunta con la Coordinaci\u00f3n de Contralor\u00eda del Ejecutivo Estatal y la Contralor\u00eda Social.<\/p>\n<p>Respecto a la participaci\u00f3n de la sociedad en materia de transparencia, el director de Combate a la Pobreza de la Sepsol, Rafael Barriga Colina, precis\u00f3 que a la fecha se han conformado 31 Contralor\u00edas Sociales en igual n\u00famero de municipios, con el objetivo de vigilar que los apoyos dirigidos a este sector de la poblaci\u00f3n sean entregados a los beneficiarios registrados en los padrones.<\/p>\n<p>Barriga Colina destac\u00f3 la figura de la Contralor\u00eda Social, que juega un papel de suma importancia en la supervisi\u00f3n de la operaci\u00f3n del programa.<\/p>\n<p>El funcionario estatal resalt\u00f3 la corresponsabilidad de los municipios en la distribuci\u00f3n y entrega de despensas a los beneficiarios, as\u00ed como la aportaci\u00f3n econ\u00f3mica del 25 por ciento que realizan los ayuntamientos, al se\u00f1alar que a la fecha se cuenta con las actas de retenci\u00f3n de los 113 municipios, esto quiere decir que ya todos los ayuntamientos aportaron lo que les corresponde.<\/p>\n<p>Por su parte, Luisa Mar\u00eda Mart\u00ednez Samper, directora de Contralor\u00eda Social de la Coordinaci\u00f3n de Contralor\u00eda del Estado, reconoci\u00f3 el trabajo que realiza la direcci\u00f3n responsable de la operaci\u00f3n del programa, el cual, consider\u00f3, \u201ces muy arduo en aras de lograr la transparencia que la sociedad exige\u201d.<\/p>\n<p>A la sesi\u00f3n ordinaria efectuada en el sal\u00f3n Alfredo Zalce de Palacio de Gobierno, acudi\u00f3 el delegado del Instituto Nacional de las Personas Adultas Mayores (Inapam), Abd\u00edas Toledo Bucio; la Consejera Presidenta del Instituto de Transparencia y Acceso a la Informaci\u00f3n del Estado de Michoac\u00e1n (Itaimich), Irma Nora Valencia Vargas, as\u00ed como la Directora del Centro de Educaci\u00f3n Continua del Instituto Polit\u00e9cnico Nacional (IPN), Mar\u00eda Guadalupe Estrada Lepe.<\/p>\n<p>Tambi\u00e9n se cont\u00f3 con la asistencia de Javier Ordaz Tinoco en representaci\u00f3n del secretario de Salud de Michoac\u00e1n, Rafael D\u00edaz Rodr\u00edguez; Mario Rodr\u00edguez Garc\u00eda, Alfredo de la Cruz y Mar\u00eda de Jes\u00fas Hern\u00e1ndez Segura, en representaci\u00f3n de las presidentas municipales de Ario de Rosales, P\u00e1tzcuaro y Tocumbo, respectivamente.<\/p>\n<p>Por parte de la sociedad Civil, se cont\u00f3 con la participaci\u00f3n de Gerardo Herrera P\u00e9rez, representante de Grupo de Facto de Diversidad Sexual y Mar\u00eda Eugenia Murillo Figueroa, de Consultor\u00eda y Asesor\u00eda de Proyectos Productivos y Sociales, A. C.<\/p>\n","protected":false},"excerpt":{"rendered":"<p>Con el af\u00e1n de garantizar la calidad en el manejo adecuado y transparente del programa Compromiso con la Nutrici\u00f3n de los Adultos Mayores (CNAM), la actual administraci\u00f3n estatal promovi\u00f3 la creaci\u00f3n de las contralor\u00edas sociales en distintos municipios de Michoac\u00e1n;<\/p>\n","protected":false},"author":1,"featured_media":7231,"comment_status":"open","ping_status":"open","sticky":false,"template":"","format":"standard","meta":{"footnotes":""},"categories":[14,3],"tags":[],"class_list":["post-7230","post","type-post","status-publish","format-standard","has-post-thumbnail","hentry","category-destacadas","category-gobierno-del-estado-de-michoacan"],"_links":{"self":[{"href":"https:\/\/radiowebmx.com\/nota\/wp-json\/wp\/v2\/posts\/7230","targetHints":{"allow":["GET"]}}],"collection":[{"href":"https:\/\/radiowebmx.com\/nota\/wp-json\/wp\/v2\/posts"}],"about":[{"href":"https:\/\/radiowebmx.com\/nota\/wp-json\/wp\/v2\/types\/post"}],"author":[{"embeddable":true,"href":"https:\/\/radiowebmx.com\/nota\/wp-json\/wp\/v2\/users\/1"}],"replies":[{"embeddable":true,"href":"https:\/\/radiowebmx.com\/nota\/wp-json\/wp\/v2\/comments?post=7230"}],"version-history":[{"count":1,"href":"https:\/\/radiowebmx.com\/nota\/wp-json\/wp\/v2\/posts\/7230\/revisions"}],"predecessor-version":[{"id":7232,"href":"https:\/\/radiowebmx.com\/nota\/wp-json\/wp\/v2\/posts\/7230\/revisions\/7232"}],"wp:featuredmedia":[{"embeddable":true,"href":"https:\/\/radiowebmx.com\/nota\/wp-json\/wp\/v2\/media\/7231"}],"wp:attachment":[{"href":"https:\/\/radiowebmx.com\/nota\/wp-json\/wp\/v2\/media?parent=7230"}],"wp:term":[{"taxonomy":"category","embeddable":true,"href":"https:\/\/radiowebmx.com\/nota\/wp-json\/wp\/v2\/categories?post=7230"},{"taxonomy":"post_tag","embeddable":true,"href":"https:\/\/radiowebmx.com\/nota\/wp-json\/wp\/v2\/tags?post=7230"}],"curies":[{"name":"wp","href":"https:\/\/api.w.org\/{rel}","templated":true}]}}