{"id":723,"date":"2013-01-04T12:11:02","date_gmt":"2013-01-04T18:11:02","guid":{"rendered":"https:\/\/radiowebmx.com\/nota\/?p=723"},"modified":"2013-01-04T12:11:02","modified_gmt":"2013-01-04T18:11:02","slug":"precauciones-para-evitar-enfermedades-respiratorias","status":"publish","type":"post","link":"https:\/\/radiowebmx.com\/nota\/precauciones-para-evitar-enfermedades-respiratorias\/","title":{"rendered":"Precauciones para evitar enfermedades respiratorias"},"content":{"rendered":"<p><span style=\"font-size: medium;\"><img loading=\"lazy\" decoding=\"async\" class=\"alignleft\" src=\"http:\/\/img191.imageshack.us\/img191\/4643\/dsc0410oa.jpg\" alt=\"\" width=\"591\" height=\"560\" \/>El Ayuntamiento de Morelia, a trav\u00e9s de la Coordinaci\u00f3n Municipal de Protecci\u00f3n Civil y Bomberos, recomienda a la poblaci\u00f3n a extremar precauciones ante la presencia de las bajas temperaturas que se registrar\u00e1n en las pr\u00f3ximas fechas; lo que provocar\u00e1 ambiente fresco en la capital durante los siguientes d\u00edas.<\/span><\/p>\n<p><span style=\"font-size: medium;\">\u00a0<\/span><\/p>\n<p><span style=\"font-size: medium;\">De acuerdo con el titular de Protecci\u00f3n Civil y Bomberos, Gerardo\u00a0\u00a0Miranda Barrera, estas condiciones clim\u00e1ticas generadas por el fen\u00f3meno meteorol\u00f3gico derivado de la \u00e9poca invernal, ocasionar\u00e1n heladas, sobre todo en las zonas altas de la entidad, as\u00ed como fr\u00edo generalizado y ambiente fresco en la capital michoacana, principalmente durante las ma\u00f1anas y noches.<\/span><\/p>\n<p><span style=\"font-size: medium;\">\u00a0<\/span><\/p>\n<p><span style=\"font-size: medium;\">Asimismo, detall\u00f3 que de acuerdo con informaci\u00f3n proporcionada por el Servicio Meteorol\u00f3gico Nacional se espera un incremento en los descensos de la temperatura, que se generar\u00e1 b\u00e1sicamente por el desplazamiento hacia el sur de frente fr\u00edos en todo el territorio del pa\u00eds.<\/span><\/p>\n<p><span style=\"font-size: medium;\">\u00a0<\/span><\/p>\n<p><span style=\"font-size: medium;\">De acuerdo con el pron\u00f3stico climatol\u00f3gico emitido por el SMN, durante los siguientes d\u00edas el clima podr\u00eda ser de fr\u00edo a fresco durante el d\u00eda y la temperatura m\u00e1xima registrar\u00e1 de 21 grados cent\u00edgrados.<\/span><\/p>\n<p><span style=\"font-size: medium;\">\u00a0<\/span><\/p>\n<p><span style=\"font-size: medium;\">La m\u00ednima, durante la noche podr\u00eda oscilar entre los tres a cinco grados, el fr\u00edo se sentir\u00e1 de forma m\u00e1s severa en las zonas altas y sub urbanas de Morelia y en las regiones m\u00e1s despobladas.<\/span><\/p>\n<p><span style=\"font-size: medium;\">\u00a0<\/span><\/p>\n<p><span style=\"font-size: medium;\">Miranda Barrera advirti\u00f3 que ante la presencia de bajas temperaturas y probables heladas se recomienda tomar medidas preventivas para evitar enfermedades, por lo que es recomendable abrigarse bien, cubrir boca y nariz con bufanda para no respirar aire fr\u00edo, consumir abundantes l\u00edquidos, as\u00ed como frutas y verduras ricos en vitaminas A y C.<\/span><\/p>\n<p><span style=\"font-size: medium;\">\u00a0<\/span><\/p>\n<p><span style=\"font-size: medium;\">Asimismo, destac\u00f3 que es importante lavarse frecuentemente las manos, as\u00ed como evitar exponerse a contaminantes ambientales, no fumar en lugares cerrados y cerca de ni\u00f1os, ancianos y personas enfermas, y usar crema para proteger la piel. El funcionario municipal agreg\u00f3 que estas medidas de prevenci\u00f3n se tienen que reforzar entre la poblaci\u00f3n infantil y adultos mayores, ya que son los sectores m\u00e1s vulnerables de la sociedad.<\/span><\/p>\n<p><span style=\"font-size: medium;\">\u00a0<\/span><\/p>\n<p><span style=\"font-size: medium;\">El Coordinador municipal de Protecci\u00f3n Civil y Bomberos insisti\u00f3 en que es necesario que todos los morelianos est\u00e9n preparados para enfrentar la \u00e9poca invernal pr\u00f3xima, en la que se prev\u00e9 haya diversos frentes fr\u00edos que desembocar\u00e1n en temperaturas bajas, humedad y vientos.<\/span><\/p>\n<p><span style=\"font-size: medium;\">\u00a0<\/span><\/p>\n<p><span style=\"font-size: medium;\">Abund\u00f3 que bajo un operativo interinstitucional con las dependencias municipales, coordinado por la Unidad Municipal de Protecci\u00f3n Civil, se continuar\u00e1 atendiendo en los Refugios Temporales establecidos por la administraci\u00f3n municipal a las personas en condici\u00f3n de calle y poblaci\u00f3n de la capital michoacana.<\/span><\/p>\n<p><span style=\"font-size: medium;\">\u00a0<\/span><\/p>\n<p><span style=\"font-size: medium;\">Ante cualquier emergencia se recomienda a los capitalinos comunicarse al 066 y 068.<\/span><\/p>\n","protected":false},"excerpt":{"rendered":"<p>El Ayuntamiento de Morelia, a trav\u00e9s de la Coordinaci\u00f3n Municipal de Protecci\u00f3n Civil y Bomberos, recomienda a la poblaci\u00f3n a extremar precauciones ante la presencia de las bajas temperaturas que se registrar\u00e1n en las pr\u00f3ximas fechas; lo que provocar\u00e1 ambiente fresco en la capital durante los siguientes d\u00edas.<\/p>\n","protected":false},"author":1,"featured_media":0,"comment_status":"open","ping_status":"open","sticky":false,"template":"","format":"standard","meta":{"footnotes":""},"categories":[3],"tags":[],"class_list":["post-723","post","type-post","status-publish","format-standard","hentry","category-gobierno-del-estado-de-michoacan"],"_links":{"self":[{"href":"https:\/\/radiowebmx.com\/nota\/wp-json\/wp\/v2\/posts\/723","targetHints":{"allow":["GET"]}}],"collection":[{"href":"https:\/\/radiowebmx.com\/nota\/wp-json\/wp\/v2\/posts"}],"about":[{"href":"https:\/\/radiowebmx.com\/nota\/wp-json\/wp\/v2\/types\/post"}],"author":[{"embeddable":true,"href":"https:\/\/radiowebmx.com\/nota\/wp-json\/wp\/v2\/users\/1"}],"replies":[{"embeddable":true,"href":"https:\/\/radiowebmx.com\/nota\/wp-json\/wp\/v2\/comments?post=723"}],"version-history":[{"count":1,"href":"https:\/\/radiowebmx.com\/nota\/wp-json\/wp\/v2\/posts\/723\/revisions"}],"predecessor-version":[{"id":724,"href":"https:\/\/radiowebmx.com\/nota\/wp-json\/wp\/v2\/posts\/723\/revisions\/724"}],"wp:attachment":[{"href":"https:\/\/radiowebmx.com\/nota\/wp-json\/wp\/v2\/media?parent=723"}],"wp:term":[{"taxonomy":"category","embeddable":true,"href":"https:\/\/radiowebmx.com\/nota\/wp-json\/wp\/v2\/categories?post=723"},{"taxonomy":"post_tag","embeddable":true,"href":"https:\/\/radiowebmx.com\/nota\/wp-json\/wp\/v2\/tags?post=723"}],"curies":[{"name":"wp","href":"https:\/\/api.w.org\/{rel}","templated":true}]}}